{"id":91643,"date":"2024-10-16T18:15:48","date_gmt":"2024-10-16T18:15:48","guid":{"rendered":"https:\/\/rdnews.al\/?p=91643"},"modified":"2024-10-16T18:15:48","modified_gmt":"2024-10-16T18:15:48","slug":"berisha-neser-ne-ora-11-te-gjithe-te-bashkia-kunder-hajdutit-te-fondeve-e-pasurive-publike","status":"publish","type":"post","link":"https:\/\/rdnews.al\/index.php\/2024\/10\/16\/berisha-neser-ne-ora-11-te-gjithe-te-bashkia-kunder-hajdutit-te-fondeve-e-pasurive-publike\/","title":{"rendered":"Berisha: Nes\u00ebr n\u00eb ora 11 t\u00eb gjith\u00eb te bashkia kund\u00ebr hajdutit t\u00eb fondeve e pasurive publike!"},"content":{"rendered":"<p>Kryetari i PD, Sali Berisha gjat\u00eb fjal\u00ebs n\u00eb tubimin e sot\u00ebm u ndal dhe tek protesta e nes\u00ebrme, teksa ju b\u00ebri thirrje qytetar\u00ebve q\u00eb nes\u00ebr n\u00eb or\u00ebn 11:00 t\u2019I bashkohen opozit\u00ebs para bashkis\u00eb Tiran\u00eb.<\/p>\n<p><strong>Berisha:<\/strong> Garantoj shqiptar\u00ebt se k\u00ebta qeveritar\u00eb hajdut\u00eb q\u00eb jan\u00eb b\u00ebr\u00eb me prona dhe vila si sheik\u00ebt, q\u00eb kan\u00eb vendosur pasuri pasuri n\u00eb t\u00eb kat\u00ebrta an\u00ebt e planetit do ndiqen kudo q\u00eb t\u00eb jen\u00eb.<\/p>\n<p>Pasurit\u00eb e hajdut\u00ebve do u kthehen shqiptar\u00ebve!<\/p>\n<p>Parat\u00eb e vjedhura do u kthehen shqiptar\u00ebve!<\/p>\n<p>Vilat luksoze do u kthehen shqiptar\u00ebve!<\/p>\n<p>Fara e tyre e tyre do p\u00ebrballet me ligjin dhe vet\u00ebm ligjin.<\/p>\n<p>Ndaj edhe ju ftoj nes\u00ebr n\u00eb ora 11 t\u00eb gjith\u00eb te bashkia t\u00eb vazhdojm\u00eb betej\u00ebn ton\u00eb kund\u00ebr modelit m\u00eb t\u00eb s\u00ebhmtuar t\u00eb hajdutit dhe fondeve t\u00eb pasurive publike pas Edi Ram\u00ebs, njeriut q\u00eb grabit me tenderat e tij dhe rrethit t\u00eb tij 100%.<\/p>\n<p>Njeriut, q\u00eb s\u00eb bashku me Edi Ram\u00ebn ka zhdukur 130 mln euro t\u00eb djeg\u00ebsit t\u00eb Tiran\u00ebs q\u00eb nuk ekziston. Njeriut, q\u00eb ka vjedhur p\u00ebr nj\u00eb pis\u00eb 6800 euro, 60 pensione p\u00ebr nj\u00eb rr\u00ebnj\u00eb pish\u00eb dhe ato nuk ekzistojn\u00eb m\u00eb.<\/p>\n<p>Ndaj edhe, nes\u00ebr t\u00eb kapet p\u00ebr zverku, t\u00eb nxirret nga bashkia, t\u00eb varet publikisht n\u00eb shtyll\u00ebn e turpit t\u00eb historis\u00eb.<\/p>\n<p>\u00cbsht\u00eb radha, jon\u00eb, \u00ebsht\u00eb radha jon\u00eb, \u00ebsht\u00eb radha jon\u00eb.<\/p>\n<p>Fitore, fitore, fitore!<\/p>\n","protected":false},"excerpt":{"rendered":"<p>Kryetari i PD, Sali Berisha gjat\u00eb fjal\u00ebs n\u00eb tubimin e sot\u00ebm u ndal dhe tek protesta e nes\u00ebrme, teksa ju b\u00ebri thirrje qytetar\u00ebve q\u00eb nes\u00ebr n\u00eb or\u00ebn 11:00 t\u2019I bashkohen opozit\u00ebs para bashkis\u00eb Tiran\u00eb. Berisha: Garantoj shqiptar\u00ebt se k\u00ebta qeveritar\u00eb hajdut\u00eb q\u00eb jan\u00eb b\u00ebr\u00eb me prona dhe vila si sheik\u00ebt, q\u00eb kan\u00eb vendosur pasuri pasuri &hellip;<\/p>\n","protected":false},"author":4,"featured_media":82610,"comment_status":"closed","ping_status":"closed","sticky":false,"template":"","format":"standard","meta":{"footnotes":""},"categories":[37],"tags":[],"class_list":["post-91643","post","type-post","status-publish","format-standard","has-post-thumbnail","","category-politike"],"_links":{"self":[{"href":"https:\/\/rdnews.al\/index.php\/wp-json\/wp\/v2\/posts\/91643","targetHints":{"allow":["GET"]}}],"collection":[{"href":"https:\/\/rdnews.al\/index.php\/wp-json\/wp\/v2\/posts"}],"about":[{"href":"https:\/\/rdnews.al\/index.php\/wp-json\/wp\/v2\/types\/post"}],"author":[{"embeddable":true,"href":"https:\/\/rdnews.al\/index.php\/wp-json\/wp\/v2\/users\/4"}],"replies":[{"embeddable":true,"href":"https:\/\/rdnews.al\/index.php\/wp-json\/wp\/v2\/comments?post=91643"}],"version-history":[{"count":1,"href":"https:\/\/rdnews.al\/index.php\/wp-json\/wp\/v2\/posts\/91643\/revisions"}],"predecessor-version":[{"id":91644,"href":"https:\/\/rdnews.al\/index.php\/wp-json\/wp\/v2\/posts\/91643\/revisions\/91644"}],"wp:featuredmedia":[{"embeddable":true,"href":"https:\/\/rdnews.al\/index.php\/wp-json\/wp\/v2\/media\/82610"}],"wp:attachment":[{"href":"https:\/\/rdnews.al\/index.php\/wp-json\/wp\/v2\/media?parent=91643"}],"wp:term":[{"taxonomy":"category","embeddable":true,"href":"https:\/\/rdnews.al\/index.php\/wp-json\/wp\/v2\/categories?post=91643"},{"taxonomy":"post_tag","embeddable":true,"href":"https:\/\/rdnews.al\/index.php\/wp-json\/wp\/v2\/tags?post=91643"}],"curies":[{"name":"wp","href":"https:\/\/api.w.org\/{rel}","templated":true}]}}