{"id":91699,"date":"2024-10-17T09:06:49","date_gmt":"2024-10-17T09:06:49","guid":{"rendered":"https:\/\/rdnews.al\/?p=91699"},"modified":"2024-10-17T09:07:43","modified_gmt":"2024-10-17T09:07:43","slug":"noka-opozita-do-ta-coje-zerin-ne-europe-shqiperia-po-zhbehet-nga-banda-e-pushtetit","status":"publish","type":"post","link":"https:\/\/rdnews.al\/index.php\/2024\/10\/17\/noka-opozita-do-ta-coje-zerin-ne-europe-shqiperia-po-zhbehet-nga-banda-e-pushtetit\/","title":{"rendered":"Opozita do ta \u00e7oj\u00eb z\u00ebrin n\u00eb Europ\u00eb, Shqip\u00ebria po zhb\u00ebhet nga banda e pushtetit"},"content":{"rendered":"<p>Mes nj\u00eb situate t\u00eb tensionuar n\u00eb parlament, ku deputet\u00ebt e Partis\u00eb Demokratike u p\u00ebrball\u00ebn me pengesa nga Garda e Republik\u00ebs n\u00eb p\u00ebrpjekjet e tyre p\u00ebr t\u00eb hyr\u00eb n\u00eb sall\u00ebn e kuvendit, deputeti Flamur Noka dha nj\u00eb deklarat\u00eb p\u00ebr mediat nga ku\u00a0theksoi se sjelljet dhe veprimet e qeveris\u00eb jan\u00eb d\u00ebshmi e qart\u00eb e frik\u00ebs dhe panikut q\u00eb kan\u00eb nga opozita dhe mb\u00ebshtet\u00ebsit e saj.<\/p>\n<p>Ai kritikoi ashp\u00ebr p\u00ebrdorimin e forcave t\u00eb gard\u00ebs dhe policis\u00eb p\u00ebr t\u00eb bllokuar grupin parlamentar t\u00eb PD-s\u00eb dhe shprehu shqet\u00ebsimin se nj\u00eb situat\u00eb e till\u00eb nuk mund t\u00eb ndodh\u00eb n\u00eb nj\u00eb vend q\u00eb synon integrimin n\u00eb Bashkimin Europian.<\/p>\n<p>Noka\u00a0denoncoi edhe dhun\u00ebn e ushtruar ndaj opozit\u00ebs dhe qytetar\u00ebve, duke p\u00ebrmendur se qeveria po p\u00ebrpiqet t\u00eb shtyp\u00eb z\u00ebrin e opozit\u00ebs p\u00ebrmes metodave autoritare dhe t\u00eb paligjshme. Duke e cil\u00ebsuar k\u00ebt\u00eb si fytyr\u00ebn e v\u00ebrtet\u00eb t\u00eb nj\u00eb regjimi t\u00eb korruptuar dhe t\u00eb kontrolluar nga krimi, Noka theksoi se opozita nuk do t\u00eb hesht\u00eb. Ai njoftoi se veprimet e tyre do t\u00eb shkojn\u00eb p\u00ebrtej kufijve t\u00eb Shqip\u00ebris\u00eb, me nj\u00eb mesazh t\u00eb qart\u00eb p\u00ebr Europ\u00ebn, q\u00eb do t\u00eb d\u00ebrgohet drejtp\u00ebrdrejt n\u00eb Strasburg, duke treguar se vendi po shkon drejt nj\u00eb krize t\u00eb thell\u00eb politike dhe sociale.<\/p>\n<p>N\u00eb deklarat\u00ebn e tij, Noka shprehu vendosm\u00ebrin\u00eb e opozit\u00ebs p\u00ebr t\u00eb luftuar p\u00ebr t\u00eb drejtat dhe lirin\u00eb e qytetar\u00ebve, duke e konsideruar k\u00ebt\u00eb nj\u00eb mision fisnik dhe t\u00eb domosdosh\u00ebm p\u00ebr t\u00eb ardhmen e demokracis\u00eb n\u00eb Shqip\u00ebri.<\/p>\n<p>\u201cK\u00ebto sjellje tregojn\u00eb se ata jan\u00eb n\u00eb panik, jan\u00eb n\u00eb panik nga e drejta e opozit\u00ebs dhe nga populli opozitar, nga p\u00ebrfaq\u00ebsuesit e opozit\u00ebs. Fugona policie p\u00ebr t\u00eb bllokuar opozit\u00ebn t\u00eb kryej\u00eb misionin e saj nuk mund t\u00eb ndodh\u00eb n\u00eb nj\u00eb vend q\u00eb aspiron p\u00ebr n\u00eb BE. Kjo \u00ebsht\u00eb jasht\u00eb \u00e7do perceptimi, jasht\u00eb \u00e7do imagjinate.<\/p>\n<p>Ja kush \u00ebsht\u00eb fytyra e narkos. Miss 5 milion euro dogana i them un\u00eb,\u00a0dhun\u00eb \u00ebsht\u00eb kjo q\u00eb ushtrohet me militant\u00eb t\u00eb veshur me uniform\u00eb kund\u00ebr opozit\u00ebs; dhun\u00eb \u00ebsht\u00eb t\u00eb ndalosh p\u00ebrfaq\u00ebsuesit e opozit\u00ebs n\u00eb tempullin e demokracis\u00eb p\u00ebr t\u00eb \u00e7uar z\u00ebrin e qytetar\u00ebve. Dhun\u00eb \u00ebsht\u00eb t\u00eb p\u00ebrz\u00ebsh rinin\u00eb nga Shqip\u00ebria, dhun\u00eb \u00ebsht\u00eb t\u00eb b\u00ebsh terror punonj\u00ebsve t\u00eb administrat\u00ebs, q\u00eb n\u00ebse nuk b\u00ebjn\u00eb \u2018like\u2019 Sulltanit, do t\u00eb largohen nga puna.<\/p>\n<p>Kjo \u00ebsht\u00eb dhun\u00eb! Dhun\u00eb \u00ebsht\u00eb ta mbash pushtetin me banda dhe me krim, por t\u00eb luftosh p\u00ebr lirin\u00eb dhe t\u00eb drejtat kurr\u00eb nuk \u00ebsht\u00eb krim \u2013 \u00ebsht\u00eb mision, dhe \u00ebsht\u00eb mision fisnik.<\/p>\n<p>Vajtja jon\u00eb n\u00eb Strasburg ka k\u00ebt\u00eb q\u00ebllim: p\u00ebr t\u2019i th\u00ebn\u00eb Europ\u00ebs q\u00eb k\u00ebtu ke nj\u00eb narkos, k\u00ebtu nuk ka qeveri, k\u00ebtu krimi i organizuar dikton.<\/p>\n<p>N\u00eb Shqip\u00ebri, rinia po shtypet, dhe ato letra q\u00eb ju sjellin, jan\u00eb nj\u00eb oaz p\u00ebr rinin\u00eb. K\u00ebt\u00eb do t\u00eb themi ne: Shqip\u00ebria po zhb\u00ebhet nga banda e pushtetit\u201d, u shpreh Noka.<\/p>\n","protected":false},"excerpt":{"rendered":"<p>Mes nj\u00eb situate t\u00eb tensionuar n\u00eb parlament, ku deputet\u00ebt e Partis\u00eb Demokratike u p\u00ebrball\u00ebn me pengesa nga Garda e Republik\u00ebs n\u00eb p\u00ebrpjekjet e tyre p\u00ebr t\u00eb hyr\u00eb n\u00eb sall\u00ebn e kuvendit, deputeti Flamur Noka dha nj\u00eb deklarat\u00eb p\u00ebr mediat nga ku\u00a0theksoi se sjelljet dhe veprimet e qeveris\u00eb jan\u00eb d\u00ebshmi e qart\u00eb e frik\u00ebs dhe panikut &hellip;<\/p>\n","protected":false},"author":4,"featured_media":91678,"comment_status":"closed","ping_status":"closed","sticky":false,"template":"","format":"standard","meta":{"footnotes":""},"categories":[37],"tags":[],"class_list":["post-91699","post","type-post","status-publish","format-standard","has-post-thumbnail","","category-politike"],"_links":{"self":[{"href":"https:\/\/rdnews.al\/index.php\/wp-json\/wp\/v2\/posts\/91699","targetHints":{"allow":["GET"]}}],"collection":[{"href":"https:\/\/rdnews.al\/index.php\/wp-json\/wp\/v2\/posts"}],"about":[{"href":"https:\/\/rdnews.al\/index.php\/wp-json\/wp\/v2\/types\/post"}],"author":[{"embeddable":true,"href":"https:\/\/rdnews.al\/index.php\/wp-json\/wp\/v2\/users\/4"}],"replies":[{"embeddable":true,"href":"https:\/\/rdnews.al\/index.php\/wp-json\/wp\/v2\/comments?post=91699"}],"version-history":[{"count":2,"href":"https:\/\/rdnews.al\/index.php\/wp-json\/wp\/v2\/posts\/91699\/revisions"}],"predecessor-version":[{"id":91701,"href":"https:\/\/rdnews.al\/index.php\/wp-json\/wp\/v2\/posts\/91699\/revisions\/91701"}],"wp:featuredmedia":[{"embeddable":true,"href":"https:\/\/rdnews.al\/index.php\/wp-json\/wp\/v2\/media\/91678"}],"wp:attachment":[{"href":"https:\/\/rdnews.al\/index.php\/wp-json\/wp\/v2\/media?parent=91699"}],"wp:term":[{"taxonomy":"category","embeddable":true,"href":"https:\/\/rdnews.al\/index.php\/wp-json\/wp\/v2\/categories?post=91699"},{"taxonomy":"post_tag","embeddable":true,"href":"https:\/\/rdnews.al\/index.php\/wp-json\/wp\/v2\/tags?post=91699"}],"curies":[{"name":"wp","href":"https:\/\/api.w.org\/{rel}","templated":true}]}}