{"id":91746,"date":"2024-10-17T11:00:35","date_gmt":"2024-10-17T11:00:35","guid":{"rendered":"https:\/\/rdnews.al\/?p=91746"},"modified":"2024-10-17T11:00:35","modified_gmt":"2024-10-17T11:00:35","slug":"kercenimi-me-arme-baci-u-mundova-te-futem-ne-parlament-polici-i-fnsh-futi-doren-te-pistoleta","status":"publish","type":"post","link":"https:\/\/rdnews.al\/index.php\/2024\/10\/17\/kercenimi-me-arme-baci-u-mundova-te-futem-ne-parlament-polici-i-fnsh-futi-doren-te-pistoleta\/","title":{"rendered":"K\u00ebrc\u00ebnimi me arm\u00eb, Ba\u00e7i: U mundova t\u00eb futem n\u00eb parlament, polici i FNSH futi dor\u00ebn te pistoleta"},"content":{"rendered":"<p>Deputeti i PD, Luan Ba\u00e7i ka reaguar pas situat\u00eb tep\u00ebr t\u00eb r\u00ebnd\u00eb q\u00eb ndodhi mes deputet\u00ebve t\u00eb opozit\u00ebs dhe forcave t\u00eb nd\u00ebrhyrjes s\u00eb shpejt\u00eb.<\/p>\n<p>Ba\u00e7i ka deklaruar se policia nuk ka vend n\u00eb parlament dhe provokimi duke vendosur dor\u00ebn p\u00ebr t\u00eb nxjerr\u00eb armen ndaj deputetit \u00ebsht\u00eb nj\u00eb rast shum\u00eb i r\u00ebnd\u00eb q\u00eb nuk duhet t\u00eb ndodhi n\u00eb nj\u00eb vend demokratik.<\/p>\n<p>&#8220;Ne ishim tek porta dhe vjen nj\u00eb grup polic\u00ebsh me skafanta dhe ne u kthyem nga orta p\u00ebr tu futur n\u00eb parlament. U mundova t\u00eb shtyja polic\u00ebn q\u00eb t\u00eb futem n\u00eb parlament dhe ai menj\u00ebher\u00eb futi dor\u00ebn te pistoleta.<\/p>\n<p>Nga ajo acarim un\u00eb i hoqa kapel\u00ebn nga koka, nj\u00eb veprim q\u00eb nuk duhej b\u00ebr\u00eb nga ana ime por u ndjeva keq kur ai vuri dor\u00ebn te arma p\u00ebr t\u00eb reaguar ndaj nj\u00eb deputeti.<\/p>\n<p>Parlamenti \u00ebsht\u00eb pushtuar nga policia, \u00ebsht\u00eb pushtuar nga garda absolutisht deputet\u00ebt jan\u00eb pa t\u00eb drejta dhe merre me mend se \u00e7far\u00eb ndodh kur protestojn\u00eb qytetar\u00ebt&#8221;, tha Ba\u00e7i.<\/p>\n","protected":false},"excerpt":{"rendered":"<p>Deputeti i PD, Luan Ba\u00e7i ka reaguar pas situat\u00eb tep\u00ebr t\u00eb r\u00ebnd\u00eb q\u00eb ndodhi mes deputet\u00ebve t\u00eb opozit\u00ebs dhe forcave t\u00eb nd\u00ebrhyrjes s\u00eb shpejt\u00eb. Ba\u00e7i ka deklaruar se policia nuk ka vend n\u00eb parlament dhe provokimi duke vendosur dor\u00ebn p\u00ebr t\u00eb nxjerr\u00eb armen ndaj deputetit \u00ebsht\u00eb nj\u00eb rast shum\u00eb i r\u00ebnd\u00eb q\u00eb nuk duhet t\u00eb &hellip;<\/p>\n","protected":false},"author":4,"featured_media":91747,"comment_status":"closed","ping_status":"closed","sticky":false,"template":"","format":"standard","meta":{"footnotes":""},"categories":[37],"tags":[],"class_list":["post-91746","post","type-post","status-publish","format-standard","has-post-thumbnail","","category-politike"],"_links":{"self":[{"href":"https:\/\/rdnews.al\/index.php\/wp-json\/wp\/v2\/posts\/91746","targetHints":{"allow":["GET"]}}],"collection":[{"href":"https:\/\/rdnews.al\/index.php\/wp-json\/wp\/v2\/posts"}],"about":[{"href":"https:\/\/rdnews.al\/index.php\/wp-json\/wp\/v2\/types\/post"}],"author":[{"embeddable":true,"href":"https:\/\/rdnews.al\/index.php\/wp-json\/wp\/v2\/users\/4"}],"replies":[{"embeddable":true,"href":"https:\/\/rdnews.al\/index.php\/wp-json\/wp\/v2\/comments?post=91746"}],"version-history":[{"count":1,"href":"https:\/\/rdnews.al\/index.php\/wp-json\/wp\/v2\/posts\/91746\/revisions"}],"predecessor-version":[{"id":91748,"href":"https:\/\/rdnews.al\/index.php\/wp-json\/wp\/v2\/posts\/91746\/revisions\/91748"}],"wp:featuredmedia":[{"embeddable":true,"href":"https:\/\/rdnews.al\/index.php\/wp-json\/wp\/v2\/media\/91747"}],"wp:attachment":[{"href":"https:\/\/rdnews.al\/index.php\/wp-json\/wp\/v2\/media?parent=91746"}],"wp:term":[{"taxonomy":"category","embeddable":true,"href":"https:\/\/rdnews.al\/index.php\/wp-json\/wp\/v2\/categories?post=91746"},{"taxonomy":"post_tag","embeddable":true,"href":"https:\/\/rdnews.al\/index.php\/wp-json\/wp\/v2\/tags?post=91746"}],"curies":[{"name":"wp","href":"https:\/\/api.w.org\/{rel}","templated":true}]}}