{"id":91749,"date":"2024-10-17T11:07:51","date_gmt":"2024-10-17T11:07:51","guid":{"rendered":"https:\/\/rdnews.al\/?p=91749"},"modified":"2024-10-17T11:07:51","modified_gmt":"2024-10-17T11:07:51","slug":"bardhi-po-na-kercenojne-me-arme-policia-e-krimit-ka-thyer-cdo-ligj","status":"publish","type":"post","link":"https:\/\/rdnews.al\/index.php\/2024\/10\/17\/bardhi-po-na-kercenojne-me-arme-policia-e-krimit-ka-thyer-cdo-ligj\/","title":{"rendered":"\u00a0Bardhi: Po na k\u00ebrc\u00ebnojn\u00eb me arm\u00eb! Policia e krimit ka thyer \u00e7do ligj!"},"content":{"rendered":"<p>Kryetari i Grupit Parlamenta t\u00eb Partis\u00eb Demokratike, Gazmend Bardhi, n\u00eb nj\u00eb komunikat\u00eb p\u00ebr mediat u shpreh se nuk ka\u00a0ndodhur kurr\u00eb q\u00eb n\u00eb ambjentet e Kuvendit t\u00eb Republik\u00ebs s\u00eb Shqip\u00ebris\u00eb, t\u00eb hyjn\u00eb forcat special t\u00eb policis\u00eb p\u00ebr t\u00eb dhunuar deputet\u00ebt\u00a0e Kuvendit dhe k\u00ebta jan\u00eb fytyrat e v\u00ebrteta t\u00eb atyre q\u00eb jan\u00eb pjes\u00eb e k\u00ebsaj qeverie.<\/p>\n<p>\u201cTa harroni se trembni deputet\u00eb e opozit\u00ebs p\u00ebrmes k\u00ebrc\u00ebnimeve tuaja me arm\u00eb! Jan\u00eb rrethuar deputet\u00ebt e Kuvendit t\u00eb Shqip\u00ebris\u00eb, i kan\u00eb drejtuar arm\u00ebn deputet\u00ebve, i kan\u00eb q\u00eblluar ata n\u00eb vendin e pun\u00ebs.<\/p>\n<p>Nuk kan\u00eb ndodhur kurr\u00eb q\u00eb n\u00eb ambjentet e Kuvendit t\u00eb hyjn\u00eb forcat special t\u00eb policis\u00eb, p\u00ebr t\u00eb dhunuar deputet\u00ebt\u00a0e Kuvendit.<\/p>\n<p>Kjo \u00ebsht\u00eb fytyra e v\u00ebrtet\u00eb e atij q\u00eb \u00ebsht\u00eb Minist\u00ebr i Mbrojtes,\u00a0q\u00eb \u00ebsht\u00eb pjes\u00eb e bandave t\u00eb Durr\u00ebsit e nj\u00eb kryeministri q\u00eb em\u00ebron nga ministri\u00a0i brendsh\u00ebm tek ai q\u00eb q\u00ebndron n\u00eb krye t\u00eb policis\u00eb s\u00eb shtetit, emrin\u00a0q\u00eb urdherojn\u00eb bandat e Durr\u00ebsit dhe t\u00eb t\u00eb gjith\u00eb Shqip\u00ebris\u00eb.<\/p>\n<p>Mendoni se trembni deputet\u00ebt e opozit\u00ebs? Ta harrojn\u00eb\u201d, tha Bardhi.<\/p>\n","protected":false},"excerpt":{"rendered":"<p>Kryetari i Grupit Parlamenta t\u00eb Partis\u00eb Demokratike, Gazmend Bardhi, n\u00eb nj\u00eb komunikat\u00eb p\u00ebr mediat u shpreh se nuk ka\u00a0ndodhur kurr\u00eb q\u00eb n\u00eb ambjentet e Kuvendit t\u00eb Republik\u00ebs s\u00eb Shqip\u00ebris\u00eb, t\u00eb hyjn\u00eb forcat special t\u00eb policis\u00eb p\u00ebr t\u00eb dhunuar deputet\u00ebt\u00a0e Kuvendit dhe k\u00ebta jan\u00eb fytyrat e v\u00ebrteta t\u00eb atyre q\u00eb jan\u00eb pjes\u00eb e k\u00ebsaj qeverie. \u201cTa &hellip;<\/p>\n","protected":false},"author":4,"featured_media":91750,"comment_status":"closed","ping_status":"closed","sticky":false,"template":"","format":"standard","meta":{"footnotes":""},"categories":[37],"tags":[],"class_list":["post-91749","post","type-post","status-publish","format-standard","has-post-thumbnail","","category-politike"],"_links":{"self":[{"href":"https:\/\/rdnews.al\/index.php\/wp-json\/wp\/v2\/posts\/91749","targetHints":{"allow":["GET"]}}],"collection":[{"href":"https:\/\/rdnews.al\/index.php\/wp-json\/wp\/v2\/posts"}],"about":[{"href":"https:\/\/rdnews.al\/index.php\/wp-json\/wp\/v2\/types\/post"}],"author":[{"embeddable":true,"href":"https:\/\/rdnews.al\/index.php\/wp-json\/wp\/v2\/users\/4"}],"replies":[{"embeddable":true,"href":"https:\/\/rdnews.al\/index.php\/wp-json\/wp\/v2\/comments?post=91749"}],"version-history":[{"count":1,"href":"https:\/\/rdnews.al\/index.php\/wp-json\/wp\/v2\/posts\/91749\/revisions"}],"predecessor-version":[{"id":91751,"href":"https:\/\/rdnews.al\/index.php\/wp-json\/wp\/v2\/posts\/91749\/revisions\/91751"}],"wp:featuredmedia":[{"embeddable":true,"href":"https:\/\/rdnews.al\/index.php\/wp-json\/wp\/v2\/media\/91750"}],"wp:attachment":[{"href":"https:\/\/rdnews.al\/index.php\/wp-json\/wp\/v2\/media?parent=91749"}],"wp:term":[{"taxonomy":"category","embeddable":true,"href":"https:\/\/rdnews.al\/index.php\/wp-json\/wp\/v2\/categories?post=91749"},{"taxonomy":"post_tag","embeddable":true,"href":"https:\/\/rdnews.al\/index.php\/wp-json\/wp\/v2\/tags?post=91749"}],"curies":[{"name":"wp","href":"https:\/\/api.w.org\/{rel}","templated":true}]}}