{"id":91752,"date":"2024-10-17T11:11:03","date_gmt":"2024-10-17T11:11:03","guid":{"rendered":"https:\/\/rdnews.al\/?p=91752"},"modified":"2024-10-17T11:11:03","modified_gmt":"2024-10-17T11:11:03","slug":"noka-regjimi-arriti-kulmin-duke-kercenuar-me-arme-deputetet-asgje-nuk-na-ndal-ne-rrugen-tone","status":"publish","type":"post","link":"https:\/\/rdnews.al\/index.php\/2024\/10\/17\/noka-regjimi-arriti-kulmin-duke-kercenuar-me-arme-deputetet-asgje-nuk-na-ndal-ne-rrugen-tone\/","title":{"rendered":"Noka: Regjimi arriti kulmin duke k\u00ebrc\u00ebnuar me arm\u00eb deputet\u00ebt! Asgj\u00eb nuk na ndal n\u00eb rrug\u00ebn ton\u00eb!"},"content":{"rendered":"<p>Sekretari i P\u00ebrgjithsh\u00ebm i Partis\u00eb Demokratike Flamur Noka, n\u00eb fjal\u00ebn e tij p\u00ebr mediat u shpreh se ajo q\u00eb ndodhi n\u00eb Kuvend sot b\u00ebhet vet\u00ebm nga juntat. Noka shtoi se kjo mazhoranc\u00eb \u00ebsht\u00eb e frik\u00ebsuar nga mosbindja civile, nd\u00ebrsa vijoi me gjuh\u00ebn e ashp\u00ebr ndaj ministrit t\u00eb Brendsh\u00ebm, Ervin Hoxha dhe kryetaren e Kuvendit, Elisa Spiropali.<\/p>\n<p>Ai deklaron se jan\u00eb t\u00eb vendosur n\u00eb aksionin e mosbindjes civile dhe shtoi m\u00eb tej se, asgj\u00eb nuk na ndal, as Elisa Spirogjoka, as st\u00ebrnipi i Enver Hoxh\u00ebs, as kreu i narkos.<\/p>\n<p><strong>DEKLARATA E SEKRETARIT T\u00cb P\u00cbRGJITHSH\u00cbM T\u00cb PD, FLAMUR NOKA<\/strong><\/p>\n<p>Si\u00e7 e pat\u00eb, sot regjimi arriti kulmin, duke i k\u00ebrc\u00ebnuar me tyt\u00ebn e arm\u00ebs deputet\u00ebt.<\/p>\n<p>Nuk kishte ndodhur kurr\u00eb q\u00eb forcat speciale t\u00eb policis\u00eb, t\u00eb armatosura gjer n\u00eb dh\u00ebmb\u00eb, t\u00eb futen n\u00eb ambientet e gard\u00ebs s\u00eb republik\u00ebs dhe t\u00eb k\u00ebrc\u00ebnojn\u00eb me tyt\u00ebn e arm\u00ebve deputet\u00ebt, p\u00ebrfaq\u00ebsuesit e popullit.<\/p>\n<p>K\u00ebtu vdes demokracia.<\/p>\n<p>K\u00ebtu vdes shteti ligjor dhe shteti i s\u00eb drejt\u00ebs.<\/p>\n<p>Vet\u00ebm diktaturat, vet\u00ebm juntat fusin n\u00eb parlament polici dhe forca t\u00eb armatosura.<\/p>\n<p>Institucionet kushtetuese jan\u00eb t\u00eb mbrojtura nga Garda e Republik\u00ebs dhe \u00ebsht\u00eb rrept\u00ebsisht e ndaluar t\u00eb hyjn\u00eb.<\/p>\n<p>Por kur narkoministri, st\u00ebrnipi i Enver Hoxh\u00ebs k\u00ebrc\u00ebnon opozit\u00ebn nga foltorja e parlamentit, pastaj narkobandit\u00ebt me uniform\u00eb policie jan\u00eb gati t\u00eb b\u00ebjn\u00eb gjith\u00e7ka.<\/p>\n<p>E gjitha kjo q\u00eb pat\u00eb sot ju, q\u00eb nga rrethimi, q\u00eb nga dhuna ndaj deputeteve brenda ambienteve t\u00eb parlamentit, q\u00eb nga prania e gard\u00ebs dhe policis\u00eb, tregon nj\u00eb panik.<\/p>\n<p>Narkoregjimi \u00ebsht\u00eb n\u00eb panik nga mosbindja civile e opozit\u00ebs.<\/p>\n<p>Edhe k\u00ebrc\u00ebnimet q\u00eb hidhen nga Elisa Spirogjoka 5 milion\u00eb eurosh, apo st\u00ebrnipi i Enver Hoxh\u00ebs, nuk mund t\u00eb trgojn\u00eb gj\u00eb tjet\u00ebr ve\u00e7se panik, panik, panik.<\/p>\n<p>Asgj\u00eb nuk i shp\u00ebton nga vullneti i shqiptar\u00ebve.<\/p>\n<p>Shqiptar\u00ebt k\u00ebrkojn\u00eb qeveri teknike sepse nuk mund t\u00eb pranojn\u00eb t\u00eb shkojn\u00eb n\u00eb zgjedhje me nj\u00eb narkoregjim q\u00eb dikton fatin e zgjedhjeve shum\u00eb koh\u00eb p\u00ebrpara zgjedhjeve.<\/p>\n<p>Nuk kan\u00eb kaluar 24 or\u00eb nga dita kur kreu i narkos u tha shqiptar\u00ebve se do t\u00eb \u00e7el\u00eb kapitujt negociatave dhe i \u00e7eli me gard\u00eb, me narkopolici, i \u00e7eli me tyt\u00ebn e arm\u00ebve duke k\u00ebrc\u00ebnuar deputet\u00ebt.<\/p>\n<p>A mund t\u00eb jet\u00eb ai imazhi i nj\u00eb shteti q\u00eb \u00e7el negociatat?<\/p>\n<p>Jo.<\/p>\n<p>Jemi t\u00eb vendosur n\u00eb rrug\u00ebn ton\u00eb, n\u00eb aksionin e mosbindjes civile.<\/p>\n<p>Asgj\u00eb nuk na ndal, as Elisa Spirogjoka, as st\u00ebrnipi i Enver Hoxh\u00ebs, as kreu i narkos, askush.<\/p>\n<p>Ne do vazhdojm\u00eb n\u00eb rrug\u00ebtimin ton\u00eb!<\/p>\n","protected":false},"excerpt":{"rendered":"<p>Sekretari i P\u00ebrgjithsh\u00ebm i Partis\u00eb Demokratike Flamur Noka, n\u00eb fjal\u00ebn e tij p\u00ebr mediat u shpreh se ajo q\u00eb ndodhi n\u00eb Kuvend sot b\u00ebhet vet\u00ebm nga juntat. Noka shtoi se kjo mazhoranc\u00eb \u00ebsht\u00eb e frik\u00ebsuar nga mosbindja civile, nd\u00ebrsa vijoi me gjuh\u00ebn e ashp\u00ebr ndaj ministrit t\u00eb Brendsh\u00ebm, Ervin Hoxha dhe kryetaren e Kuvendit, Elisa &hellip;<\/p>\n","protected":false},"author":4,"featured_media":91755,"comment_status":"closed","ping_status":"closed","sticky":false,"template":"","format":"standard","meta":{"footnotes":""},"categories":[37],"tags":[],"class_list":["post-91752","post","type-post","status-publish","format-standard","has-post-thumbnail","","category-politike"],"_links":{"self":[{"href":"https:\/\/rdnews.al\/index.php\/wp-json\/wp\/v2\/posts\/91752","targetHints":{"allow":["GET"]}}],"collection":[{"href":"https:\/\/rdnews.al\/index.php\/wp-json\/wp\/v2\/posts"}],"about":[{"href":"https:\/\/rdnews.al\/index.php\/wp-json\/wp\/v2\/types\/post"}],"author":[{"embeddable":true,"href":"https:\/\/rdnews.al\/index.php\/wp-json\/wp\/v2\/users\/4"}],"replies":[{"embeddable":true,"href":"https:\/\/rdnews.al\/index.php\/wp-json\/wp\/v2\/comments?post=91752"}],"version-history":[{"count":1,"href":"https:\/\/rdnews.al\/index.php\/wp-json\/wp\/v2\/posts\/91752\/revisions"}],"predecessor-version":[{"id":91756,"href":"https:\/\/rdnews.al\/index.php\/wp-json\/wp\/v2\/posts\/91752\/revisions\/91756"}],"wp:featuredmedia":[{"embeddable":true,"href":"https:\/\/rdnews.al\/index.php\/wp-json\/wp\/v2\/media\/91755"}],"wp:attachment":[{"href":"https:\/\/rdnews.al\/index.php\/wp-json\/wp\/v2\/media?parent=91752"}],"wp:term":[{"taxonomy":"category","embeddable":true,"href":"https:\/\/rdnews.al\/index.php\/wp-json\/wp\/v2\/categories?post=91752"},{"taxonomy":"post_tag","embeddable":true,"href":"https:\/\/rdnews.al\/index.php\/wp-json\/wp\/v2\/tags?post=91752"}],"curies":[{"name":"wp","href":"https:\/\/api.w.org\/{rel}","templated":true}]}}