{"id":91757,"date":"2024-10-17T11:12:58","date_gmt":"2024-10-17T11:12:58","guid":{"rendered":"https:\/\/rdnews.al\/?p=91757"},"modified":"2024-10-17T11:12:58","modified_gmt":"2024-10-17T11:12:58","slug":"pd-padit-ne-spak-spiropalin-hoxhen-proden-dhe-vocajn","status":"publish","type":"post","link":"https:\/\/rdnews.al\/index.php\/2024\/10\/17\/pd-padit-ne-spak-spiropalin-hoxhen-proden-dhe-vocajn\/","title":{"rendered":"PD padit n\u00eb SPAK Spiropalin, Hoxh\u00ebn, Prod\u00ebn dhe Vocajn"},"content":{"rendered":"<p>Grupi Parlamentar i PD b\u00ebn kall\u00ebzim penal n\u00eb SPAK p\u00ebr Kryetaren e Kuvendit, Elisa Spiropali, Ministrin e Brendsh\u00ebm, Ervin Hoxha, Drejtorin e P\u00ebrgjithsh\u00ebm t\u00eb Policis\u00eb, Ilir Proda dhe Drejtorin e Policis\u00eb s\u00eb Tiran\u00ebs, Tonin Vocajn.<\/p>\n<p>Sipas drejtuesve t\u00eb PD, disa punonj\u00ebs t\u00eb paidentifikuar policie u fut\u00ebn t\u00eb armatosur n\u00eb Kuvend.<\/p>\n<p>Grupi parlamentar i PD thot\u00eb se efektiv\u00ebt e policis\u00eb kanos\u00ebn me arm\u00eb deputet\u00ebt.<\/p>\n<p>Pamjet trondit\u00ebse jan\u00eb t\u00eb paprecedenta n\u00eb historin\u00eb politike t\u00eb vendit.<\/p>\n<p>Deputet\u00ebt e opozit\u00ebs u k\u00ebrc\u00ebnuan hapur dhe u dhunuan brenda ambienteve t\u00eb parlamentit.<\/p>\n","protected":false},"excerpt":{"rendered":"<p>Grupi Parlamentar i PD b\u00ebn kall\u00ebzim penal n\u00eb SPAK p\u00ebr Kryetaren e Kuvendit, Elisa Spiropali, Ministrin e Brendsh\u00ebm, Ervin Hoxha, Drejtorin e P\u00ebrgjithsh\u00ebm t\u00eb Policis\u00eb, Ilir Proda dhe Drejtorin e Policis\u00eb s\u00eb Tiran\u00ebs, Tonin Vocajn. Sipas drejtuesve t\u00eb PD, disa punonj\u00ebs t\u00eb paidentifikuar policie u fut\u00ebn t\u00eb armatosur n\u00eb Kuvend. Grupi parlamentar i PD thot\u00eb &hellip;<\/p>\n","protected":false},"author":4,"featured_media":91743,"comment_status":"closed","ping_status":"closed","sticky":false,"template":"","format":"standard","meta":{"footnotes":""},"categories":[37],"tags":[],"class_list":["post-91757","post","type-post","status-publish","format-standard","has-post-thumbnail","","category-politike"],"_links":{"self":[{"href":"https:\/\/rdnews.al\/index.php\/wp-json\/wp\/v2\/posts\/91757","targetHints":{"allow":["GET"]}}],"collection":[{"href":"https:\/\/rdnews.al\/index.php\/wp-json\/wp\/v2\/posts"}],"about":[{"href":"https:\/\/rdnews.al\/index.php\/wp-json\/wp\/v2\/types\/post"}],"author":[{"embeddable":true,"href":"https:\/\/rdnews.al\/index.php\/wp-json\/wp\/v2\/users\/4"}],"replies":[{"embeddable":true,"href":"https:\/\/rdnews.al\/index.php\/wp-json\/wp\/v2\/comments?post=91757"}],"version-history":[{"count":1,"href":"https:\/\/rdnews.al\/index.php\/wp-json\/wp\/v2\/posts\/91757\/revisions"}],"predecessor-version":[{"id":91758,"href":"https:\/\/rdnews.al\/index.php\/wp-json\/wp\/v2\/posts\/91757\/revisions\/91758"}],"wp:featuredmedia":[{"embeddable":true,"href":"https:\/\/rdnews.al\/index.php\/wp-json\/wp\/v2\/media\/91743"}],"wp:attachment":[{"href":"https:\/\/rdnews.al\/index.php\/wp-json\/wp\/v2\/media?parent=91757"}],"wp:term":[{"taxonomy":"category","embeddable":true,"href":"https:\/\/rdnews.al\/index.php\/wp-json\/wp\/v2\/categories?post=91757"},{"taxonomy":"post_tag","embeddable":true,"href":"https:\/\/rdnews.al\/index.php\/wp-json\/wp\/v2\/tags?post=91757"}],"curies":[{"name":"wp","href":"https:\/\/api.w.org\/{rel}","templated":true}]}}