{"id":91764,"date":"2024-10-17T11:35:41","date_gmt":"2024-10-17T11:35:41","guid":{"rendered":"https:\/\/rdnews.al\/?p=91764"},"modified":"2024-10-17T11:35:41","modified_gmt":"2024-10-17T11:35:41","slug":"gjykata-e-strasburgut-pergjimet-nga-encrochat-jane-te-ligjshme-mund-te-perdoren-si-prova","status":"publish","type":"post","link":"https:\/\/rdnews.al\/index.php\/2024\/10\/17\/gjykata-e-strasburgut-pergjimet-nga-encrochat-jane-te-ligjshme-mund-te-perdoren-si-prova\/","title":{"rendered":"Gjykata e Strasburgut: P\u00ebrgjimet nga EncroChat jan\u00eb t\u00eb ligjshme, mund t\u00eb p\u00ebrdoren si prova"},"content":{"rendered":"<p>Gjykata e Strasburgut e quan t\u00eb ligjsh\u00ebm p\u00ebrgjimin nga aplikacioni i bisedave t\u00eb EncroChat, t\u00eb cilin e kan\u00eb p\u00ebrdorur kryesisht persona t\u00eb p\u00ebrfshir\u00eb n\u00eb bot\u00ebn e krimit.<\/p>\n<p>Personazhe t\u00eb krimit jan\u00eb n\u00eb v\u00ebshtir\u00ebsi pas k\u00ebtij vendimi, pasi n\u00eb shum\u00eb vende jan\u00eb nd\u00ebrmarr\u00eb aksione nd\u00ebrkomb\u00ebtare bazuar n\u00eb bisedat e zb\u00ebrthyera nga Enchro dhe Sky.<\/p>\n<p>Ky vendim do t\u00eb ket\u00eb impakt edhe n\u00eb Shqip\u00ebris\u00eb, pasi jan\u00eb kryer shum\u00eb hetime nga SPAK, bazuar n\u00eb bisedat e zbardhura n\u00eb Franc\u00eb nga k\u00ebto aplikacione.<\/p>\n<p>P\u00ebr zb\u00ebrthimin e bisedave, Strasburgu thot\u00eb se jan\u00eb t\u00eb ligjshme dhe mund t\u00eb p\u00ebrdoren si prova.<\/p>\n<p>N\u00eb Shqip\u00ebri, nj\u00eb prej personazheve t\u00eb arrestua, miku dhe investitori strategjik i Edi Ram\u00ebs, P\u00ebllumb Gjoka ka b\u00ebr\u00eb nj\u00eb padi n\u00eb Gjykat\u00ebn Kushtetuese ku k\u00ebrkon rr\u00ebzimin provave t\u00eb SPAK n\u00eb lidhje me p\u00ebrgjimet e EncroChat.<\/p>\n","protected":false},"excerpt":{"rendered":"<p>Gjykata e Strasburgut e quan t\u00eb ligjsh\u00ebm p\u00ebrgjimin nga aplikacioni i bisedave t\u00eb EncroChat, t\u00eb cilin e kan\u00eb p\u00ebrdorur kryesisht persona t\u00eb p\u00ebrfshir\u00eb n\u00eb bot\u00ebn e krimit. Personazhe t\u00eb krimit jan\u00eb n\u00eb v\u00ebshtir\u00ebsi pas k\u00ebtij vendimi, pasi n\u00eb shum\u00eb vende jan\u00eb nd\u00ebrmarr\u00eb aksione nd\u00ebrkomb\u00ebtare bazuar n\u00eb bisedat e zb\u00ebrthyera nga Enchro dhe Sky. Ky vendim &hellip;<\/p>\n","protected":false},"author":4,"featured_media":0,"comment_status":"closed","ping_status":"closed","sticky":false,"template":"","format":"standard","meta":{"footnotes":""},"categories":[37],"tags":[],"class_list":["post-91764","post","type-post","status-publish","format-standard","","category-politike"],"_links":{"self":[{"href":"https:\/\/rdnews.al\/index.php\/wp-json\/wp\/v2\/posts\/91764","targetHints":{"allow":["GET"]}}],"collection":[{"href":"https:\/\/rdnews.al\/index.php\/wp-json\/wp\/v2\/posts"}],"about":[{"href":"https:\/\/rdnews.al\/index.php\/wp-json\/wp\/v2\/types\/post"}],"author":[{"embeddable":true,"href":"https:\/\/rdnews.al\/index.php\/wp-json\/wp\/v2\/users\/4"}],"replies":[{"embeddable":true,"href":"https:\/\/rdnews.al\/index.php\/wp-json\/wp\/v2\/comments?post=91764"}],"version-history":[{"count":1,"href":"https:\/\/rdnews.al\/index.php\/wp-json\/wp\/v2\/posts\/91764\/revisions"}],"predecessor-version":[{"id":91766,"href":"https:\/\/rdnews.al\/index.php\/wp-json\/wp\/v2\/posts\/91764\/revisions\/91766"}],"wp:attachment":[{"href":"https:\/\/rdnews.al\/index.php\/wp-json\/wp\/v2\/media?parent=91764"}],"wp:term":[{"taxonomy":"category","embeddable":true,"href":"https:\/\/rdnews.al\/index.php\/wp-json\/wp\/v2\/categories?post=91764"},{"taxonomy":"post_tag","embeddable":true,"href":"https:\/\/rdnews.al\/index.php\/wp-json\/wp\/v2\/tags?post=91764"}],"curies":[{"name":"wp","href":"https:\/\/api.w.org\/{rel}","templated":true}]}}