{"id":91767,"date":"2024-10-17T11:38:51","date_gmt":"2024-10-17T11:38:51","guid":{"rendered":"https:\/\/rdnews.al\/?p=91767"},"modified":"2024-10-17T11:38:51","modified_gmt":"2024-10-17T11:38:51","slug":"kryeministri-grek-rrezon-paktin-rama-meloni-per-qendrat-e-refugjateve","status":"publish","type":"post","link":"https:\/\/rdnews.al\/index.php\/2024\/10\/17\/kryeministri-grek-rrezon-paktin-rama-meloni-per-qendrat-e-refugjateve\/","title":{"rendered":"Kryeministri grek rr\u00ebzon paktin Rama-Meloni p\u00ebr qendrat e refugjat\u00ebve"},"content":{"rendered":"<p>Kryeministri grek, Kyriakos Mitsotakis ka hedhur dyshime mbi marr\u00ebveshjen Rama-Meloni p\u00ebr qendrat e refugjat\u00ebve.<\/p>\n<p>Ai tha se nuk beson se mund t\u00eb funksionoj\u00eb, nd\u00ebrsa shtoi se Greqia aktualisht ka nevoj\u00eb p\u00ebr emigrant\u00ebt.<\/p>\n<p>Duke folur p\u00ebr Financial Times, Mitsotakis tha se nuk beson se kjo marr\u00ebveshje mund t\u00eb realizohet sipas k\u00ebtij formati n\u00eb nivel evropian.<\/p>\n<p>\u201cNuk e di n\u00ebse mund t\u00eb p\u00ebrs\u00ebritet n\u00eb nivel evropian,\u201d shtoi ai. \u201cNe gjithashtu duhet t\u00eb shohim n\u00ebse funksionon v\u00ebrtet. K\u00ebta persona procedohen sipas legjislacionit italian t\u00eb azilit dhe \u00e7far\u00ebdo q\u00eb t&#8217;u ndodh\u00eb, n\u00eb nj\u00eb m\u00ebnyr\u00eb ose n\u00eb nj\u00eb tjet\u00ebr do t\u00eb kthehen n\u00eb Itali\u201d.<\/p>\n<p>&#8220;N\u00ebse do ta b\u00ebnim k\u00ebt\u00eb n\u00eb nivel evropian &#8230; ku do t\u00eb shkonin ata?&#8221; tha ai.<\/p>\n<p>Mitsotakis tha se blloku ka nevoj\u00eb t\u00eb madhe p\u00ebr m\u00eb shum\u00eb pun\u00ebtor\u00eb p\u00ebr t\u00eb plot\u00ebsuar fuqin\u00eb e tij t\u00eb vjet\u00ebr t\u00eb pun\u00ebs.<\/p>\n<p>&#8220;N\u00ebse doni t\u00eb nd\u00ebrtoni nj\u00eb gardh t\u00eb madh, ju duhet gjithashtu nj\u00eb der\u00eb e madhe,&#8221; tha Mitsotakis. \u201cKush do t\u00eb na i mbledh\u00eb ullinjt\u00eb? Ne jemi nj\u00eb kontinent q\u00eb po zvog\u00eblohet dhe t\u00eb gjith\u00eb e kuptojm\u00eb se p\u00ebr t\u00eb ruajtur produktivitetin ton\u00eb, do t\u00eb kemi nevoj\u00eb p\u00ebr pun\u00eb, t\u00eb pakualifikuar ose t\u00eb kualifikuar.\u201d<\/p>\n","protected":false},"excerpt":{"rendered":"<p>Kryeministri grek, Kyriakos Mitsotakis ka hedhur dyshime mbi marr\u00ebveshjen Rama-Meloni p\u00ebr qendrat e refugjat\u00ebve. Ai tha se nuk beson se mund t\u00eb funksionoj\u00eb, nd\u00ebrsa shtoi se Greqia aktualisht ka nevoj\u00eb p\u00ebr emigrant\u00ebt. Duke folur p\u00ebr Financial Times, Mitsotakis tha se nuk beson se kjo marr\u00ebveshje mund t\u00eb realizohet sipas k\u00ebtij formati n\u00eb nivel evropian. \u201cNuk &hellip;<\/p>\n","protected":false},"author":4,"featured_media":91768,"comment_status":"closed","ping_status":"closed","sticky":false,"template":"","format":"standard","meta":{"footnotes":""},"categories":[37],"tags":[],"class_list":["post-91767","post","type-post","status-publish","format-standard","has-post-thumbnail","","category-politike"],"_links":{"self":[{"href":"https:\/\/rdnews.al\/index.php\/wp-json\/wp\/v2\/posts\/91767","targetHints":{"allow":["GET"]}}],"collection":[{"href":"https:\/\/rdnews.al\/index.php\/wp-json\/wp\/v2\/posts"}],"about":[{"href":"https:\/\/rdnews.al\/index.php\/wp-json\/wp\/v2\/types\/post"}],"author":[{"embeddable":true,"href":"https:\/\/rdnews.al\/index.php\/wp-json\/wp\/v2\/users\/4"}],"replies":[{"embeddable":true,"href":"https:\/\/rdnews.al\/index.php\/wp-json\/wp\/v2\/comments?post=91767"}],"version-history":[{"count":1,"href":"https:\/\/rdnews.al\/index.php\/wp-json\/wp\/v2\/posts\/91767\/revisions"}],"predecessor-version":[{"id":91769,"href":"https:\/\/rdnews.al\/index.php\/wp-json\/wp\/v2\/posts\/91767\/revisions\/91769"}],"wp:featuredmedia":[{"embeddable":true,"href":"https:\/\/rdnews.al\/index.php\/wp-json\/wp\/v2\/media\/91768"}],"wp:attachment":[{"href":"https:\/\/rdnews.al\/index.php\/wp-json\/wp\/v2\/media?parent=91767"}],"wp:term":[{"taxonomy":"category","embeddable":true,"href":"https:\/\/rdnews.al\/index.php\/wp-json\/wp\/v2\/categories?post=91767"},{"taxonomy":"post_tag","embeddable":true,"href":"https:\/\/rdnews.al\/index.php\/wp-json\/wp\/v2\/tags?post=91767"}],"curies":[{"name":"wp","href":"https:\/\/api.w.org\/{rel}","templated":true}]}}