{"id":91776,"date":"2024-10-17T16:19:58","date_gmt":"2024-10-17T16:19:58","guid":{"rendered":"https:\/\/rdnews.al\/?p=91776"},"modified":"2024-10-17T16:19:58","modified_gmt":"2024-10-17T16:19:58","slug":"video-berisha-per-ata-qe-disinformojne-se-krimineli-me-uniforme-i-rames-nuk-kishte-pistolete","status":"publish","type":"post","link":"https:\/\/rdnews.al\/index.php\/2024\/10\/17\/video-berisha-per-ata-qe-disinformojne-se-krimineli-me-uniforme-i-rames-nuk-kishte-pistolete\/","title":{"rendered":"Video\/ Berisha: P\u00ebr ata q\u00eb disinformojn\u00eb se krimineli me uniform\u00eb i Ram\u00ebs nuk kishte pistolet\u00eb"},"content":{"rendered":"<div id=\"rekl-49\">Kryetari i Partis\u00eb Demokratike, Sali Berisha ka publikuar pamje n\u00eb lidhje me pretendimin e policis\u00eb, se efektivi i saj nuk kishte arm\u00eb me vete, por vet\u00ebm nj\u00eb bombol spraji.<\/div>\n<div class=\"readmore-text-here\">\n<p>P\u00ebr ata q\u00eb shpifin dhe disinformojn\u00eb se krimineli me uniform\u00eb i Edi Ram\u00ebs nuk kishte revole, por bomb\u00ebl sprai!\u2019, shkruan kryetari i PD-s\u00eb n\u00eb Facebook, ku ka publikuar edhe nj\u00eb video nga ajo q\u00eb policia p\u00ebrpiqet t\u00eb thot\u00eb se, polici nuk kishte arm\u00eb.<\/p>\n<p><iframe loading=\"lazy\" src=\"https:\/\/www.facebook.com\/plugins\/video.php?height=306&amp;href=https%3A%2F%2Fwww.facebook.com%2FSaliBerisha%2Fvideos%2F1192451625389634%2F&amp;show_text=false&amp;width=560&amp;t=0\" width=\"560\" height=\"306\" frameborder=\"0\" scrolling=\"no\" allowfullscreen=\"allowfullscreen\" data-mce-fragment=\"1\"><\/iframe><\/p>\n<div id=\"rekl-13\"><\/div>\n<\/div>\n","protected":false},"excerpt":{"rendered":"<p>Kryetari i Partis\u00eb Demokratike, Sali Berisha ka publikuar pamje n\u00eb lidhje me pretendimin e policis\u00eb, se efektivi i saj nuk kishte arm\u00eb me vete, por vet\u00ebm nj\u00eb bombol spraji. P\u00ebr ata q\u00eb shpifin dhe disinformojn\u00eb se krimineli me uniform\u00eb i Edi Ram\u00ebs nuk kishte revole, por bomb\u00ebl sprai!\u2019, shkruan kryetari i PD-s\u00eb n\u00eb Facebook, ku &hellip;<\/p>\n","protected":false},"author":4,"featured_media":91777,"comment_status":"closed","ping_status":"closed","sticky":false,"template":"","format":"standard","meta":{"footnotes":""},"categories":[37],"tags":[],"class_list":["post-91776","post","type-post","status-publish","format-standard","has-post-thumbnail","","category-politike"],"_links":{"self":[{"href":"https:\/\/rdnews.al\/index.php\/wp-json\/wp\/v2\/posts\/91776","targetHints":{"allow":["GET"]}}],"collection":[{"href":"https:\/\/rdnews.al\/index.php\/wp-json\/wp\/v2\/posts"}],"about":[{"href":"https:\/\/rdnews.al\/index.php\/wp-json\/wp\/v2\/types\/post"}],"author":[{"embeddable":true,"href":"https:\/\/rdnews.al\/index.php\/wp-json\/wp\/v2\/users\/4"}],"replies":[{"embeddable":true,"href":"https:\/\/rdnews.al\/index.php\/wp-json\/wp\/v2\/comments?post=91776"}],"version-history":[{"count":1,"href":"https:\/\/rdnews.al\/index.php\/wp-json\/wp\/v2\/posts\/91776\/revisions"}],"predecessor-version":[{"id":91778,"href":"https:\/\/rdnews.al\/index.php\/wp-json\/wp\/v2\/posts\/91776\/revisions\/91778"}],"wp:featuredmedia":[{"embeddable":true,"href":"https:\/\/rdnews.al\/index.php\/wp-json\/wp\/v2\/media\/91777"}],"wp:attachment":[{"href":"https:\/\/rdnews.al\/index.php\/wp-json\/wp\/v2\/media?parent=91776"}],"wp:term":[{"taxonomy":"category","embeddable":true,"href":"https:\/\/rdnews.al\/index.php\/wp-json\/wp\/v2\/categories?post=91776"},{"taxonomy":"post_tag","embeddable":true,"href":"https:\/\/rdnews.al\/index.php\/wp-json\/wp\/v2\/tags?post=91776"}],"curies":[{"name":"wp","href":"https:\/\/api.w.org\/{rel}","templated":true}]}}