{"id":91782,"date":"2024-10-17T16:31:18","date_gmt":"2024-10-17T16:31:18","guid":{"rendered":"https:\/\/rdnews.al\/?p=91782"},"modified":"2024-10-17T16:31:18","modified_gmt":"2024-10-17T16:31:18","slug":"edi-rama-mafia-voa-kercenimi-i-deputetit-me-arme-nga-polici-i-fnsh-acaroi-gjakrat","status":"publish","type":"post","link":"https:\/\/rdnews.al\/index.php\/2024\/10\/17\/edi-rama-mafia-voa-kercenimi-i-deputetit-me-arme-nga-polici-i-fnsh-acaroi-gjakrat\/","title":{"rendered":"\u201cEdi Rama-Mafia\u201d\/ VOA: K\u00ebrc\u00ebnimi i deputetit me arm\u00eb nga polici i FNSH acaroi gjakrat!"},"content":{"rendered":"<p>N\u00eb Shqip\u00ebri, edhe seanca e sotme e parlamentit u shoq\u00ebrua me tensione jasht\u00eb dhe brenda sall\u00ebs. Deputet\u00ebt e opozit\u00ebs, t\u00eb cil\u00ebt erdh\u00ebn n\u00eb grup drejt godin\u00ebs ku zhvillohen seancat, gjet\u00ebn n\u00eb hyrje, nj\u00eb gardh me barriera metalike, pas t\u00eb cilave q\u00ebndronin, n\u00eb num\u00ebr t\u00eb shtuar, forcat e Gard\u00ebs s\u00eb Republik\u00ebs. Shum\u00eb prej deputet\u00ebve demokrat\u00eb, jan\u00eb p\u00ebrjashtuar p\u00ebr periudha t\u00eb gjata nga punimet e parlamentit pas akteve t\u00eb dhunshme n\u00eb dy jav\u00ebt e shkuara.<\/p>\n<p>P\u00ebrpjekjet e p\u00ebrs\u00ebritura p\u00ebr t\u00eb \u00e7ar\u00eb kordonin e punonj\u00ebsve t\u00eb siguris\u00eb, \u00e7uan n\u00eb p\u00ebrplasje t\u00eb her\u00eb pas hershme mes pal\u00ebve. Nj\u00eb parull\u00eb e madhe e bardh\u00eb, me mbishkimin me g\u00ebrma t\u00eb zeza \u201cEdi Rama mafia\u201d, u vendos m\u00eb pas nga p\u00ebrfaq\u00ebsuesit e opozit\u00ebs, mbi barrierat metalike.<\/p>\n<p>Edhe n\u00eb sall\u00ebn e parlamentit, deputet\u00ebt e pakt\u00eb t\u00eb opozit\u00ebs q\u00eb mund\u00ebn t\u00eb hynin, u p\u00ebrpoq\u00ebn t\u00eb pengonin zhvillimin normal t\u00eb seanc\u00ebs. Ata protestuan p\u00ebr pranin\u00eb e lart\u00eb n\u00eb num\u00ebr t\u00eb punonj\u00ebsve t\u00eb Gard\u00ebs, dhe kontrollet q\u00eb ata kishin ushtruar ndaj tyre, duke akuzuar drejtuesen e parlamentit se e ka kthyer &#8220;institucionin m\u00eb t\u00eb r\u00ebnd\u00ebsish\u00ebm t\u00eb vendit, n\u00eb nj\u00eb burg t\u00eb siguris\u00eb s\u00eb lart\u00eb\u201d. Ata than\u00eb se dhe deputet\u00eb ndaj t\u00eb cil\u00ebve nuk kishte mas\u00eb p\u00ebrjashtimi, nuk po lejoheshin t\u00eb hynin n\u00eb sall\u00eb.<\/p>\n<p>S\u00ebrish nj\u00eb grumbull karrikesh u vendos prej tyre rreth foltores p\u00ebr t\u00eb penguar p\u00ebrdorimin e saj, nd\u00ebrsa nd\u00ebrhyn\u00eb n\u00eb disa raste n\u00eb p\u00ebrpjekje p\u00ebr t\u00eb mos l\u00ebn\u00eb t\u00eb flasin koleg\u00ebt socialist\u00eb q\u00eb mor\u00ebn fjal\u00ebn. Nj\u00eb moment i lart\u00eb tensioni u krijua kur deputetja demokrate Elda Hoti u pa t\u00eb sp\u00ebrkaste dyshemene me radheve t\u00eb karrikeve, me nj\u00eb solucion t\u00eb l\u00ebngsh\u00ebm. Ajo u akuzua nga shumica se kishte p\u00ebrdorur benzin\u00eb, por zonja Hoti tha m\u00eb von\u00eb se kishte qen\u00eb vet\u00ebm nj\u00eb aromatizues.<\/p>\n<p>Nd\u00ebrsa parlamenti, i mbylli punimet n\u00eb nj\u00eb koh\u00eb t\u00eb shkurt\u00ebr, tensionet u rikthyen, kur protestuesit e mbledhur si \u00e7do jav\u00eb para Bashkis\u00eb s\u00eb Tiran\u00ebs, u shfaq\u00ebn para parlamentit. Deputet\u00ebt e opozit\u00ebs t\u00eb bashkuar me ta, u p\u00ebrplas\u00ebn me nj\u00ebsit\u00eb speciale, duke kund\u00ebrshtuar pranin\u00eb e tyre \u201cn\u00eb shkelje t\u00eb ligjit\u201d n\u00eb mjediset e parlamentit, institucion i cili \u00ebsht\u00eb n\u00ebn mbikqyrjen e Gard\u00ebs.<\/p>\n<p>Deputet\u00ebt demokrat\u00eb nd\u00ebrhyn\u00eb me forc\u00eb p\u00ebr t\u00eb larguar punonj\u00ebsit e policis\u00eb. Opozita pretendoi se nj\u00ebri prej tyre, kishte tentuar t\u2019i drejtonte arm\u00ebn deputetit Luan Ba\u00e7i, moment q\u00eb i acaroi duksh\u00ebm gjakrat, duke \u00e7uar n\u00eb p\u00ebrplasje t\u00eb forta. Ishin forcat e Gard\u00ebs ato q\u00eb nd\u00ebrhyn\u00eb k\u00ebt\u00eb her\u00eb p\u00ebr t\u00eb ulur tensionet, nd\u00ebrsa nj\u00ebsit\u00eb speciale u t\u00ebrhoq\u00ebn. Policia mohoi m\u00eb von\u00eb kategorikisht, akuzat p\u00ebr pranin\u00eb e arm\u00ebve nga ndonj\u00eb punonj\u00ebs i saj, duke sakt\u00ebsuar se ligji ndalon q\u00eb policia t\u00eb jet\u00eb e armatosur gjat\u00eb tubimeve.\/ VOA\/<\/p>\n","protected":false},"excerpt":{"rendered":"<p>N\u00eb Shqip\u00ebri, edhe seanca e sotme e parlamentit u shoq\u00ebrua me tensione jasht\u00eb dhe brenda sall\u00ebs. Deputet\u00ebt e opozit\u00ebs, t\u00eb cil\u00ebt erdh\u00ebn n\u00eb grup drejt godin\u00ebs ku zhvillohen seancat, gjet\u00ebn n\u00eb hyrje, nj\u00eb gardh me barriera metalike, pas t\u00eb cilave q\u00ebndronin, n\u00eb num\u00ebr t\u00eb shtuar, forcat e Gard\u00ebs s\u00eb Republik\u00ebs. Shum\u00eb prej deputet\u00ebve demokrat\u00eb, jan\u00eb &hellip;<\/p>\n","protected":false},"author":4,"featured_media":91689,"comment_status":"closed","ping_status":"closed","sticky":false,"template":"","format":"standard","meta":{"footnotes":""},"categories":[37],"tags":[],"class_list":["post-91782","post","type-post","status-publish","format-standard","has-post-thumbnail","","category-politike"],"_links":{"self":[{"href":"https:\/\/rdnews.al\/index.php\/wp-json\/wp\/v2\/posts\/91782","targetHints":{"allow":["GET"]}}],"collection":[{"href":"https:\/\/rdnews.al\/index.php\/wp-json\/wp\/v2\/posts"}],"about":[{"href":"https:\/\/rdnews.al\/index.php\/wp-json\/wp\/v2\/types\/post"}],"author":[{"embeddable":true,"href":"https:\/\/rdnews.al\/index.php\/wp-json\/wp\/v2\/users\/4"}],"replies":[{"embeddable":true,"href":"https:\/\/rdnews.al\/index.php\/wp-json\/wp\/v2\/comments?post=91782"}],"version-history":[{"count":1,"href":"https:\/\/rdnews.al\/index.php\/wp-json\/wp\/v2\/posts\/91782\/revisions"}],"predecessor-version":[{"id":91783,"href":"https:\/\/rdnews.al\/index.php\/wp-json\/wp\/v2\/posts\/91782\/revisions\/91783"}],"wp:featuredmedia":[{"embeddable":true,"href":"https:\/\/rdnews.al\/index.php\/wp-json\/wp\/v2\/media\/91689"}],"wp:attachment":[{"href":"https:\/\/rdnews.al\/index.php\/wp-json\/wp\/v2\/media?parent=91782"}],"wp:term":[{"taxonomy":"category","embeddable":true,"href":"https:\/\/rdnews.al\/index.php\/wp-json\/wp\/v2\/categories?post=91782"},{"taxonomy":"post_tag","embeddable":true,"href":"https:\/\/rdnews.al\/index.php\/wp-json\/wp\/v2\/tags?post=91782"}],"curies":[{"name":"wp","href":"https:\/\/api.w.org\/{rel}","templated":true}]}}