{"id":9193,"date":"2022-04-11T17:34:08","date_gmt":"2022-04-11T17:34:08","guid":{"rendered":"https:\/\/rdnews.al\/?p=9193"},"modified":"2022-04-11T17:34:08","modified_gmt":"2022-04-11T17:34:08","slug":"kancelari-i-austrise-braktis-takimin-me-putin-nuk-ishte-vizite-miqesore","status":"publish","type":"post","link":"https:\/\/rdnews.al\/index.php\/2022\/04\/11\/kancelari-i-austrise-braktis-takimin-me-putin-nuk-ishte-vizite-miqesore\/","title":{"rendered":"Kancelari i Austris\u00eb braktis takimin me Putin: Nuk ishte vizit\u00eb miq\u00ebsore!"},"content":{"rendered":"<p>Kancelari i Austris\u00eb Karl Nehammer ka th\u00ebn\u00eb se nuk \u00ebsht\u00eb \u201cshum\u00eb optimist\u201d pas takimit q\u00eb ka zhvilluar sot me Presidentin e Rusis\u00eb, Vladimir Putin. Nehammer ka th\u00ebn\u00eb se ky takim nuk ishte vizit\u00eb e tij miq\u00ebsore n\u00eb Mosk\u00eb.<\/p>\n<p>\u201cP\u00ebr momentin nuk jam shum\u00eb optimist pas bisedimeve me Putin. Pushtimi (n\u00eb Ukrain\u00eb) po p\u00ebrgatitet me vendosm\u00ebri\u201d, ka th\u00ebn\u00eb Nehammer n\u00eb nj\u00eb adresim t\u00eb shkurt\u00ebr nga Moska, pas takimit t\u00eb dy lider\u00ebve.<\/p>\n<p>Nehammer \u00ebsht\u00eb b\u00ebr\u00eb lideri i par\u00eb evropian q\u00eb \u00ebsht\u00eb takuar kok\u00eb m\u00eb kok\u00eb me Putinin, pas nisjes s\u00eb pushtimit t\u00eb Ukrain\u00ebs. Ai ka th\u00ebn\u00eb se Putinin e ka p\u00ebrballur me fakte.<\/p>\n<p>\u201cIa b\u00ebra t\u00eb qart\u00eb z. Putin se q\u00ebndrimi i tij, pik\u00ebpamja e tij nuk p\u00ebrkrahet nga dikush. Ai, gjith\u00eb k\u00ebt\u00eb e sheh si operacion vet\u00ebmbrojtjeje t\u00eb Federat\u00ebs Ruse. Ai k\u00ebt\u00eb e quan operacion special ushtarak. Un\u00eb e quaj luft\u00eb\u201d, \u00ebsht\u00eb shprehur vendosm\u00ebrisht Nehammer.<\/p>\n<p>Nehammer, megjithat\u00eb, ka th\u00ebn\u00eb se ishte \u201ce qart\u00eb dhe e pashme q\u00eb presidenti rus ka ende besim\u201d n\u00eb negociatat q\u00eb po vazhdojn\u00eb mes Rusis\u00eb dhe Ukrain\u00ebs n\u00eb Turqi.<\/p>\n","protected":false},"excerpt":{"rendered":"<p>Kancelari i Austris\u00eb Karl Nehammer ka th\u00ebn\u00eb se nuk \u00ebsht\u00eb \u201cshum\u00eb optimist\u201d pas takimit q\u00eb ka zhvilluar sot me Presidentin e Rusis\u00eb, Vladimir Putin. Nehammer ka th\u00ebn\u00eb se ky takim nuk ishte vizit\u00eb e tij miq\u00ebsore n\u00eb Mosk\u00eb. \u201cP\u00ebr momentin nuk jam shum\u00eb optimist pas bisedimeve me Putin. Pushtimi (n\u00eb Ukrain\u00eb) po p\u00ebrgatitet me vendosm\u00ebri\u201d, &hellip;<\/p>\n","protected":false},"author":4,"featured_media":9194,"comment_status":"open","ping_status":"open","sticky":false,"template":"","format":"standard","meta":{"footnotes":""},"categories":[38],"tags":[],"class_list":["post-9193","post","type-post","status-publish","format-standard","has-post-thumbnail","","category-bota"],"_links":{"self":[{"href":"https:\/\/rdnews.al\/index.php\/wp-json\/wp\/v2\/posts\/9193","targetHints":{"allow":["GET"]}}],"collection":[{"href":"https:\/\/rdnews.al\/index.php\/wp-json\/wp\/v2\/posts"}],"about":[{"href":"https:\/\/rdnews.al\/index.php\/wp-json\/wp\/v2\/types\/post"}],"author":[{"embeddable":true,"href":"https:\/\/rdnews.al\/index.php\/wp-json\/wp\/v2\/users\/4"}],"replies":[{"embeddable":true,"href":"https:\/\/rdnews.al\/index.php\/wp-json\/wp\/v2\/comments?post=9193"}],"version-history":[{"count":0,"href":"https:\/\/rdnews.al\/index.php\/wp-json\/wp\/v2\/posts\/9193\/revisions"}],"wp:featuredmedia":[{"embeddable":true,"href":"https:\/\/rdnews.al\/index.php\/wp-json\/wp\/v2\/media\/9194"}],"wp:attachment":[{"href":"https:\/\/rdnews.al\/index.php\/wp-json\/wp\/v2\/media?parent=9193"}],"wp:term":[{"taxonomy":"category","embeddable":true,"href":"https:\/\/rdnews.al\/index.php\/wp-json\/wp\/v2\/categories?post=9193"},{"taxonomy":"post_tag","embeddable":true,"href":"https:\/\/rdnews.al\/index.php\/wp-json\/wp\/v2\/tags?post=9193"}],"curies":[{"name":"wp","href":"https:\/\/api.w.org\/{rel}","templated":true}]}}