{"id":92112,"date":"2024-10-21T08:18:27","date_gmt":"2024-10-21T08:18:27","guid":{"rendered":"https:\/\/rdnews.al\/?p=92112"},"modified":"2024-10-21T08:55:09","modified_gmt":"2024-10-21T08:55:09","slug":"si-deputeti-cyrbja-fshehu-ne-banesen-e-tij-autorin-qe-rrembeu-dhe-zhduku-jan-prengen","status":"publish","type":"post","link":"https:\/\/rdnews.al\/index.php\/2024\/10\/21\/si-deputeti-cyrbja-fshehu-ne-banesen-e-tij-autorin-qe-rrembeu-dhe-zhduku-jan-prengen\/","title":{"rendered":"Si deputeti \u00c7yrbja fshehu n\u00eb banes\u00ebn e tij personin q\u00eb rr\u00ebmbeu dhe zhduku Jan Preng\u00ebn"},"content":{"rendered":"<p>Detaje t\u00eb reja jan\u00eb m\u00ebsuar nga shpallja n\u00eb k\u00ebrkim e bashk\u00ebpun\u00ebtorit t\u00eb ish-deputetit t\u00eb PS-s\u00eb Jurgis \u00c7yrbja, Altin Hajri. Ky i fundit konsiderohet si nj\u00eb personazhet m\u00eb n\u00eb z\u00eb t\u00eb bot\u00ebs s\u00eb krimit n\u00eb Durr\u00ebs, teksa rezulton si personi q\u00eb ka organizuar rr\u00ebmbimin dhe zhdukjen e Jan Preng\u00ebs.<\/p>\n<p>Ish-deputeti akuzohet se ka strehuar n\u00eb banesat dhe pronat e tij t\u00eb k\u00ebrkuarin Hajri dhe kjo duket se \u00ebsht\u00eb zbuluar nga komunikimet n\u00eb platform\u00ebn e koduar SKY ECC, q\u00eb ka sh\u00ebrbyer si prov\u00eb, bashk\u00eb me materiale t\u00eb tjera t\u00eb siguruara nga prokuror\u00ebt.<\/p>\n<p>Policia dhe BKH nuk ekzekutuan dot mas\u00ebn ndaj tij, pasi nuk u gjet gjat\u00eb kontrolleve t\u00eb djeshme (20 tetor). Hajri b\u00ebhet k\u00ebshtu personi i tret\u00eb i dosjes dhe SPAK pritet t\u00eb sqaroj\u00eb detaje t\u00eb tjera shtes\u00eb p\u00ebr pozicionin e tij n\u00eb \u00e7\u00ebshtje dhe lidhjet me ish-deputetin socialist t\u00eb qarkut Durr\u00ebs, i cili ishte i treti i list\u00ebs dhe u zgjodh p\u00ebr mandat n\u00eb vitin 2017.<\/p>\n<p>\u00c7yrbja akuzohet p\u00ebr tregtim t\u00eb sekretit shtet\u00ebror, p\u00ebrkrahje t\u00eb autorit t\u00eb krimit dhe korrupsion zgjedhor, lidhje me grup kriminal dhe komunikime n\u00eb SKY ECC. Bashk\u00eb me t\u00eb u arrestua mbr\u00ebm\u00eb edhe Ahmet Masha, nj\u00eb tjet\u00ebr personazh i njohur p\u00ebr drejt\u00ebsin\u00eb.<\/p>\n<p>Kujtojm\u00eb se n\u00eb shtator t\u00eb k\u00ebtij viti, Gjykata e Posa\u00e7me vendosi kalimin p\u00ebr gjykim t\u00eb \u00e7\u00ebshtjes n\u00eb ngarkim t\u00eb Altin Hajrit. Ky i fundit akuzohet p\u00ebr rr\u00ebmbimin dhe zhdukjen e Jan Preng\u00ebs, n\u00eb 17 Janar t\u00eb vitit 2020.<\/p>\n<p>Hajri \u00ebsht\u00eb gjykuar n\u00eb munges\u00eb, pasi nuk ishte b\u00ebr\u00eb e mundur gjetja e tij, bashk\u00eb me Gramoz Rexhepin dhe Dritan Funiqin, t\u00eb tre t\u00eb cil\u00ebsuar si organizator\u00eb t\u00eb rr\u00ebmbimit, me motiv konfliktet p\u00ebr shkak t\u00eb grabitjes s\u00eb nj\u00eb sasie me 260 kg kokain\u00eb n\u00eb Angli, nga v\u00ebllai i Janit.<\/p>\n<p>Trupi i k\u00ebtij t\u00eb fundit nuk \u00ebsht\u00eb gjendur ende dhe cil\u00ebsohet i vdekur, pasi u torturua p\u00ebr vdekje n\u00eb ambientet e kompleksit \u201cGolden\u201d pas rr\u00ebmbimit dhe m\u00eb pas trupi u zhduk. Kompleksi \u00ebsht\u00eb n\u00eb pron\u00ebsi t\u00eb familjes Hajri. Altin hajri dhe v\u00ebllai i tij kan\u00eb qen\u00eb t\u00eb hetuar n\u00eb Itali dhe akuzuar p\u00ebr narkotrafik dhe organizat\u00eb kriminale.<\/p>\n","protected":false},"excerpt":{"rendered":"<p>Detaje t\u00eb reja jan\u00eb m\u00ebsuar nga shpallja n\u00eb k\u00ebrkim e bashk\u00ebpun\u00ebtorit t\u00eb ish-deputetit t\u00eb PS-s\u00eb Jurgis \u00c7yrbja, Altin Hajri. Ky i fundit konsiderohet si nj\u00eb personazhet m\u00eb n\u00eb z\u00eb t\u00eb bot\u00ebs s\u00eb krimit n\u00eb Durr\u00ebs, teksa rezulton si personi q\u00eb ka organizuar rr\u00ebmbimin dhe zhdukjen e Jan Preng\u00ebs. Ish-deputeti akuzohet se ka strehuar n\u00eb banesat &hellip;<\/p>\n","protected":false},"author":4,"featured_media":92113,"comment_status":"closed","ping_status":"closed","sticky":false,"template":"","format":"standard","meta":{"footnotes":""},"categories":[37],"tags":[],"class_list":["post-92112","post","type-post","status-publish","format-standard","has-post-thumbnail","","category-politike"],"_links":{"self":[{"href":"https:\/\/rdnews.al\/index.php\/wp-json\/wp\/v2\/posts\/92112","targetHints":{"allow":["GET"]}}],"collection":[{"href":"https:\/\/rdnews.al\/index.php\/wp-json\/wp\/v2\/posts"}],"about":[{"href":"https:\/\/rdnews.al\/index.php\/wp-json\/wp\/v2\/types\/post"}],"author":[{"embeddable":true,"href":"https:\/\/rdnews.al\/index.php\/wp-json\/wp\/v2\/users\/4"}],"replies":[{"embeddable":true,"href":"https:\/\/rdnews.al\/index.php\/wp-json\/wp\/v2\/comments?post=92112"}],"version-history":[{"count":4,"href":"https:\/\/rdnews.al\/index.php\/wp-json\/wp\/v2\/posts\/92112\/revisions"}],"predecessor-version":[{"id":92120,"href":"https:\/\/rdnews.al\/index.php\/wp-json\/wp\/v2\/posts\/92112\/revisions\/92120"}],"wp:featuredmedia":[{"embeddable":true,"href":"https:\/\/rdnews.al\/index.php\/wp-json\/wp\/v2\/media\/92113"}],"wp:attachment":[{"href":"https:\/\/rdnews.al\/index.php\/wp-json\/wp\/v2\/media?parent=92112"}],"wp:term":[{"taxonomy":"category","embeddable":true,"href":"https:\/\/rdnews.al\/index.php\/wp-json\/wp\/v2\/categories?post=92112"},{"taxonomy":"post_tag","embeddable":true,"href":"https:\/\/rdnews.al\/index.php\/wp-json\/wp\/v2\/tags?post=92112"}],"curies":[{"name":"wp","href":"https:\/\/api.w.org\/{rel}","templated":true}]}}