{"id":92133,"date":"2024-10-21T09:42:37","date_gmt":"2024-10-21T09:42:37","guid":{"rendered":"https:\/\/rdnews.al\/?p=92133"},"modified":"2024-10-21T09:42:37","modified_gmt":"2024-10-21T09:42:37","slug":"pergjimet-si-grupet-kriminale-ne-durres-percaktojne-renditjen-ne-listen-e-deputeteve-te-ps","status":"publish","type":"post","link":"https:\/\/rdnews.al\/index.php\/2024\/10\/21\/pergjimet-si-grupet-kriminale-ne-durres-percaktojne-renditjen-ne-listen-e-deputeteve-te-ps\/","title":{"rendered":"P\u00ebrgjimet\/ Si grupet kriminale n\u00eb Durr\u00ebs p\u00ebrcaktojn\u00eb renditjen n\u00eb list\u00ebn e deputet\u00ebve t\u00eb PS"},"content":{"rendered":"<p>Nga p\u00ebrgjimet e SkyEcc rezulton se grupet kriminale t\u00eb Durr\u00ebsit p\u00ebrcaktojn\u00eb jo vet\u00ebm p\u00ebrb\u00ebrjen e list\u00ebs, por edhe renditjen e kandidat\u00ebve p\u00ebr deputet\u00eb t\u00eb PS-s\u00eb.<\/p>\n<p>Po ky kryetari i PS-s\u00eb q\u00eb i v\u00eb firm\u00eb e vul\u00eb k\u00ebrkesave t\u00eb grupeve kriminale mban ndonj\u00eb p\u00ebrgjegj\u00ebsi ligjore apo seriali &#8220;Moll\u00eb e dardha pas kurrizit&#8221; vazhdon?!<\/p>\n<p><img loading=\"lazy\" decoding=\"async\" class=\"alignnone size-medium wp-image-92135\" src=\"https:\/\/rdnews.al\/wp-content\/uploads\/2024\/10\/w-1-300x225.jpg\" alt=\"\" width=\"300\" height=\"225\" srcset=\"https:\/\/rdnews.al\/wp-content\/uploads\/2024\/10\/w-1-300x225.jpg 300w, https:\/\/rdnews.al\/wp-content\/uploads\/2024\/10\/w-1-768x576.jpg 768w, https:\/\/rdnews.al\/wp-content\/uploads\/2024\/10\/w-1.jpg 1024w\" sizes=\"auto, (max-width: 300px) 100vw, 300px\" \/><\/p>\n","protected":false},"excerpt":{"rendered":"<p>Nga p\u00ebrgjimet e SkyEcc rezulton se grupet kriminale t\u00eb Durr\u00ebsit p\u00ebrcaktojn\u00eb jo vet\u00ebm p\u00ebrb\u00ebrjen e list\u00ebs, por edhe renditjen e kandidat\u00ebve p\u00ebr deputet\u00eb t\u00eb PS-s\u00eb. Po ky kryetari i PS-s\u00eb q\u00eb i v\u00eb firm\u00eb e vul\u00eb k\u00ebrkesave t\u00eb grupeve kriminale mban ndonj\u00eb p\u00ebrgjegj\u00ebsi ligjore apo seriali &#8220;Moll\u00eb e dardha pas kurrizit&#8221; vazhdon?!<\/p>\n","protected":false},"author":4,"featured_media":92134,"comment_status":"closed","ping_status":"closed","sticky":false,"template":"","format":"standard","meta":{"footnotes":""},"categories":[37],"tags":[],"class_list":["post-92133","post","type-post","status-publish","format-standard","has-post-thumbnail","","category-politike"],"_links":{"self":[{"href":"https:\/\/rdnews.al\/index.php\/wp-json\/wp\/v2\/posts\/92133","targetHints":{"allow":["GET"]}}],"collection":[{"href":"https:\/\/rdnews.al\/index.php\/wp-json\/wp\/v2\/posts"}],"about":[{"href":"https:\/\/rdnews.al\/index.php\/wp-json\/wp\/v2\/types\/post"}],"author":[{"embeddable":true,"href":"https:\/\/rdnews.al\/index.php\/wp-json\/wp\/v2\/users\/4"}],"replies":[{"embeddable":true,"href":"https:\/\/rdnews.al\/index.php\/wp-json\/wp\/v2\/comments?post=92133"}],"version-history":[{"count":1,"href":"https:\/\/rdnews.al\/index.php\/wp-json\/wp\/v2\/posts\/92133\/revisions"}],"predecessor-version":[{"id":92136,"href":"https:\/\/rdnews.al\/index.php\/wp-json\/wp\/v2\/posts\/92133\/revisions\/92136"}],"wp:featuredmedia":[{"embeddable":true,"href":"https:\/\/rdnews.al\/index.php\/wp-json\/wp\/v2\/media\/92134"}],"wp:attachment":[{"href":"https:\/\/rdnews.al\/index.php\/wp-json\/wp\/v2\/media?parent=92133"}],"wp:term":[{"taxonomy":"category","embeddable":true,"href":"https:\/\/rdnews.al\/index.php\/wp-json\/wp\/v2\/categories?post=92133"},{"taxonomy":"post_tag","embeddable":true,"href":"https:\/\/rdnews.al\/index.php\/wp-json\/wp\/v2\/tags?post=92133"}],"curies":[{"name":"wp","href":"https:\/\/api.w.org\/{rel}","templated":true}]}}