{"id":92148,"date":"2024-10-21T10:08:59","date_gmt":"2024-10-21T10:08:59","guid":{"rendered":"https:\/\/rdnews.al\/?p=92148"},"modified":"2024-10-21T10:08:59","modified_gmt":"2024-10-21T10:08:59","slug":"cjerrja-e-maskes-e-rradhes-per-edi-ramen","status":"publish","type":"post","link":"https:\/\/rdnews.al\/index.php\/2024\/10\/21\/cjerrja-e-maskes-e-rradhes-per-edi-ramen\/","title":{"rendered":"\u201c\u00c7jerrja e mask\u00ebs\u201d e rradh\u00ebs p\u00ebr Edi Ram\u00ebn!"},"content":{"rendered":"<div id=\"rekl-49\"><strong>Nga Mimoza HAJDAEMATAJ<\/strong><\/div>\n<div class=\"readmore-text-here\">\n<p><strong>Siguria Komb\u00ebtare n\u00eb rrezik\/ Arrestimi i deputetit, z\u00ebdh\u00ebn\u00ebs i grupeve kriminale, &#8220;\u00e7jerrja e mask\u00ebs&#8221; e rradh\u00ebs p\u00ebr Edi Ram\u00ebn<\/strong><\/p>\n<p>Edi Rama nuk e ka shumic\u00ebn e shqiptar\u00ebve.<br \/>\nAi fiton zgjedhjet jo me vot\u00eb t\u00eb lir\u00eb por me p\u00ebrfshirjen dhe ndikimin e bandave kriminale.<br \/>\nArrestimi i deputetit socialist t\u00eb Durr\u00ebsit tregon edhe nj\u00eb her\u00eb se, Shqip\u00ebria qeveriset nga bandat dhe grupet kriminale.<br \/>\nPor jan\u00eb disa pyetje thelb\u00ebsore q\u00eb meritojn\u00eb p\u00ebrgjigje:<br \/>\n&#8211; \u00c7yrbja h\u00ebngri s\u00ebrish &#8220;dardha pas shpine&#8221; apo Rama e dinte?<br \/>\n&#8211; Si u b\u00eb i arrestuari an\u00ebtar i Komisionit Parlamentar t\u00eb Siguris\u00eb Komb\u00ebtare?<br \/>\n&#8211; Kush ja dha &#8220;certifikat\u00ebn e siguris\u00eb&#8221;?<br \/>\n&#8211; A e ka c\u00ebnuar Sigurin\u00eb Komb\u00ebtare Edi Rama, p\u00ebrmes deputetit t\u00eb arrestuar?<br \/>\n&#8211; \u00c7far\u00eb informacionesh &#8220;top secret&#8221; ka patur n\u00eb duar i arrestuari?<br \/>\n&#8211; A duhet mbledhur K\u00ebshilli i Siguris\u00eb Komb\u00ebtare nga Presidenti i Republik\u00ebs?<br \/>\n&#8211; A \u00ebsht\u00eb e moralshme q\u00eb deputet\u00ebt e qarkut Durr\u00ebs t\u00eb vazhdojn\u00eb mandatin?<br \/>\n&#8211; A mund t\u00eb besohet m\u00eb se kjo mazhoranc\u00eb mund t\u00eb zhvilloj\u00eb zgjedhje t\u00eb lira e t\u00eb ndershme?<br \/>\nMiq,<br \/>\nShqip\u00ebria \u00ebsht\u00eb n\u00eb nj\u00eb nd\u00ebr momentet m\u00eb kritike t\u00eb historis\u00eb s\u00eb saj, teksa grupet kriminale kan\u00eb gjith\u00e7ka n\u00eb dor\u00eb. Prandaj, me Ram\u00ebn nuk ka patur, nuk ka dhe nuk mund t\u00eb ket\u00eb zgjedhje demokratike.<br \/>\nP.S. linku i njoftimit p\u00ebr shtyp nga SPAK ku renditen elementet e veprave penale, [\u27a1\ufe0f] \u201cZbulimi i akteve ose t\u00eb dh\u00ebnave sekrete\u201d, kryer m\u00eb tep\u00ebr se nj\u00eb her\u00eb<br \/>\n[\u27a1\ufe0f] \u201cTregimi i sekretit shtet\u00ebror nga shtetasit\u201d kryer m\u00eb tep\u00ebr se nj\u00eb her\u00eb. [\u27a1\ufe0f] \u201cP\u00ebrkrahja e autorit t\u00eb krimit\u201d, kryer nga shtetasi J. \u00c7., m\u00eb tep\u00ebr se nj\u00eb her\u00eb.<br \/>\n[\u27a1\ufe0f]<a href=\"https:\/\/spak.gov.al\/njoftim-per-shtyp-date-21-10-2024\/?fbclid=IwY2xjawGDBCtleHRuA2FlbQIxMAABHRy71dgyLwW1et4qgDAAGNDhQb8O6zY6OaaV7CZcpM7HYUZIB1qCjMbKDw_aem_aW-DlMz_Mk4VfSkBMQENxQ\" target=\"_blank\" rel=\"noopener\">\u00a0\u201cKorrupsioni aktiv n\u00eb zgjedhje\u201d, kryer nga shtetasi J. \u00c7<\/a>\u00a0[\u2935\ufe0f]\nhttps:\/\/spak.gov.al\/njoftim-per-shtyp-date-21-10-2024\/<br \/>\nOpozita \u00ebsht\u00eb e vendosur n\u00eb k\u00ebrkes\u00ebn e saj p\u00ebr qeveri teknike pasi me Ram\u00ebn n\u00eb krye t\u00eb qeveris\u00eb \u00ebsht\u00eb e pamundur pjes\u00ebmarrja n\u00eb zgjedhje.<br \/>\n#freeBerisha<\/p>\n<p><iframe loading=\"lazy\" src=\"https:\/\/www.facebook.com\/plugins\/post.php?href=https%3A%2F%2Fwww.facebook.com%2Fmimoza.hajdarmataj%2Fposts%2Fpfbid0KnANRdrG5bmdkmNbuxijTXiYkamStWSwhkMDWjVTthu9bxuD1YoEVYXGD7nYYN5Tl&amp;show_text=true&amp;width=500\" width=\"500\" height=\"693\" frameborder=\"0\" scrolling=\"no\" allowfullscreen=\"allowfullscreen\" data-mce-fragment=\"1\"><\/iframe><\/p>\n<div class=\"in-artile-read-more\"><\/div>\n<\/div>\n","protected":false},"excerpt":{"rendered":"<p>Nga Mimoza HAJDAEMATAJ Siguria Komb\u00ebtare n\u00eb rrezik\/ Arrestimi i deputetit, z\u00ebdh\u00ebn\u00ebs i grupeve kriminale, &#8220;\u00e7jerrja e mask\u00ebs&#8221; e rradh\u00ebs p\u00ebr Edi Ram\u00ebn Edi Rama nuk e ka shumic\u00ebn e shqiptar\u00ebve. Ai fiton zgjedhjet jo me vot\u00eb t\u00eb lir\u00eb por me p\u00ebrfshirjen dhe ndikimin e bandave kriminale. Arrestimi i deputetit socialist t\u00eb Durr\u00ebsit tregon edhe nj\u00eb &hellip;<\/p>\n","protected":false},"author":4,"featured_media":92149,"comment_status":"closed","ping_status":"closed","sticky":false,"template":"","format":"standard","meta":{"footnotes":""},"categories":[44],"tags":[],"class_list":["post-92148","post","type-post","status-publish","format-standard","has-post-thumbnail","","category-editorial"],"_links":{"self":[{"href":"https:\/\/rdnews.al\/index.php\/wp-json\/wp\/v2\/posts\/92148","targetHints":{"allow":["GET"]}}],"collection":[{"href":"https:\/\/rdnews.al\/index.php\/wp-json\/wp\/v2\/posts"}],"about":[{"href":"https:\/\/rdnews.al\/index.php\/wp-json\/wp\/v2\/types\/post"}],"author":[{"embeddable":true,"href":"https:\/\/rdnews.al\/index.php\/wp-json\/wp\/v2\/users\/4"}],"replies":[{"embeddable":true,"href":"https:\/\/rdnews.al\/index.php\/wp-json\/wp\/v2\/comments?post=92148"}],"version-history":[{"count":1,"href":"https:\/\/rdnews.al\/index.php\/wp-json\/wp\/v2\/posts\/92148\/revisions"}],"predecessor-version":[{"id":92150,"href":"https:\/\/rdnews.al\/index.php\/wp-json\/wp\/v2\/posts\/92148\/revisions\/92150"}],"wp:featuredmedia":[{"embeddable":true,"href":"https:\/\/rdnews.al\/index.php\/wp-json\/wp\/v2\/media\/92149"}],"wp:attachment":[{"href":"https:\/\/rdnews.al\/index.php\/wp-json\/wp\/v2\/media?parent=92148"}],"wp:term":[{"taxonomy":"category","embeddable":true,"href":"https:\/\/rdnews.al\/index.php\/wp-json\/wp\/v2\/categories?post=92148"},{"taxonomy":"post_tag","embeddable":true,"href":"https:\/\/rdnews.al\/index.php\/wp-json\/wp\/v2\/tags?post=92148"}],"curies":[{"name":"wp","href":"https:\/\/api.w.org\/{rel}","templated":true}]}}