{"id":92151,"date":"2024-10-21T10:13:30","date_gmt":"2024-10-21T10:13:30","guid":{"rendered":"https:\/\/rdnews.al\/?p=92151"},"modified":"2024-10-21T10:13:30","modified_gmt":"2024-10-21T10:13:30","slug":"a-ka-me-deputete-ps-dhe-si-do-shkojne-2-partite-e-vjetra-ne-zgjedhjet-e-reja","status":"publish","type":"post","link":"https:\/\/rdnews.al\/index.php\/2024\/10\/21\/a-ka-me-deputete-ps-dhe-si-do-shkojne-2-partite-e-vjetra-ne-zgjedhjet-e-reja\/","title":{"rendered":"A ka m\u00eb deputet\u00eb PS dhe si do shkojn\u00eb 2 partit\u00eb e vjetra n\u00eb zgjedhjet e reja?"},"content":{"rendered":"<p><strong>Nga\u00a0Alfred LELA<\/strong><\/p>\n<p>Arrestimi i deputeti socialist Jurges \u00c7yrbja, nuk \u00ebsht\u00eb vet\u00ebm sinjali i radh\u00ebs p\u00ebr form\u00ebn e plot\u00eb t\u00eb dekriminalizimit t\u00eb ish-Partis\u00eb Socialiste, t\u00eb pag\u00ebzuar Rilindje nga Edi Rama, por edhe rishfaqje e hipokrizis\u00eb s\u00eb trash\u00eb, si te nj\u00eb pjes\u00eb e komentariatit politik, por edhe t\u00eb opinionit publik, mbi ato q\u00eb quhen \u2018shanse t\u00eb opozit\u00ebs\u2019, apo &#8216;frym\u00eb&#8217;, e me radh\u00eb.<\/p>\n<p>E kam fjal\u00ebn p\u00ebr POR-in e mendjeve t\u00eb prishura, q\u00eb si nj\u00eb eureka arkimediane, n\u00eb \u00e7do bised\u00eb televizive apo kafene kur, sapo fliten dy rreshta p\u00ebr skandalet e qeveris\u00eb, futet n\u00eb bised\u00eb ajo q\u00eb \u00ebsht\u00eb kthyer tashm\u00eb n\u00eb\u00a0arm\u00eb t\u00eb ftoht\u00eb t\u00eb vrasjes s\u00eb debatit, t\u00eb mendimit, por edhe gjith\u00eb diskurit dhe procesit politik \u2018qeveria nuk \u00ebsht\u00eb mir\u00eb, POR edhe opozita\u2026\u201d.<\/p>\n<p>Ky alarm \u00ebsht\u00eb edhe m\u00eb i fort\u00eb se ezanet e paprajshme n\u00eb arabishte t\u00eb xhamis\u00eb s\u00eb re t\u00eb Tiran\u00ebs, sidomos tani. N\u00eb k\u00ebt\u00eb pik\u00eb t\u00eb sezonit politik, kur flitet p\u00ebr lista t\u00eb hapura apo shanset e politikan\u00ebve t\u00eb rinj, prurjeve nga shoq\u00ebria, nj\u00eb gare t\u00eb barabart\u00eb dhe t\u00eb ndershme n\u00eb zgjedhjet e pritshme, e k\u00ebshtu me radh\u00eb.<\/p>\n<p>\u00c7ka p\u00ebrgjimet e zbardhura t\u00eb platformave Encrochat dhe Sky ECC kan\u00eb zbuluar me fllig\u00ebshti dhe madh\u00ebshti nj\u00ebheri, \u00ebsht\u00eb fakti se n\u00eb Shqip\u00ebri nuk ka m\u00eb zgjedhje. Profili i deputetit t\u00eb preferuar \u00ebsht\u00eb i pashkolli lokal (n\u00eb rastin m\u00eb \u2018edukativ\u2019 me diploma t\u00eb blera), me kundravajtje ligjore etj., por q\u00eb mb\u00ebshtetet nga bandat e zon\u00ebs. E kemi par\u00eb k\u00ebt\u00eb demonstrim, t\u00eb forc\u00ebs dhe mjerimit nj\u00ebkoh\u00ebsisht, n\u00eb Kruj\u00eb, Durr\u00ebs, Lezh\u00eb, Shkod\u00ebr apo Puk\u00eb. Kur d\u00ebgjoni k\u00ebto em\u00ebrtime t\u00eb Gegnis\u00eb, mos t\u2019ju shkoj\u00eb jarga e \u00ebmb\u00ebl e krahinarizmit te p\u00ebrfundimi i trash\u00eb \u2018domosdo verior\u00ebt, k\u00ebshtu jan\u00eb e k\u00ebshtu preferojn\u00eb\u2019. Krejt e kund\u00ebrta \u00ebsht\u00eb e v\u00ebrtet\u00eb: k\u00ebto profile politike, nga Durr\u00ebsi dhe deri n\u00eb Kuk\u00ebs, kan\u00eb qen\u00eb dhe mbeten inxhinjeringu socio-politik i Edi Ram\u00ebs. Ai nuk e ka patur t\u00eb nj\u00ebjt\u00ebn nevoj\u00eb p\u00ebr Tosk\u00ebrin\u00eb, sepse Jugu i thell\u00eb, Lab\u00ebria dhe Bregu sidomos, kan\u00eb qen\u00eb zona tradicionalisht t\u00eb majta-historia luan rol n\u00eb aktualitetin politik-, n\u00eb k\u00ebto treva u lind\u00ebn brigadat partizane dhe k\u00ebtu u mb\u00ebshtet diktatura p\u00ebr\u00a0kuadrot e lart\u00eb\u00a0p\u00ebr 45 vjet.<\/p>\n<p>Po ta vini re, elementin kriminal n\u00eb Jug Rama e ka mbajtur pran\u00eb, por vet\u00ebm n\u00eb rol mb\u00ebshtet\u00ebs- asnj\u00ebher\u00eb n\u00eb vij\u00eb t\u00eb par\u00eb, duke u furnizuar me kandidat\u00eb p\u00ebr deputet\u00eb dhe prij\u00ebs politik\u00eb t\u00eb zonave, ose nga familjet thell\u00ebsisht komuniste ose te biznesmen\u00ebt.<\/p>\n<p>P\u00ebrtej k\u00ebsaj radiografie t\u00eb trupit politik Veri-Jug, pyetja p\u00ebr komentariatin politik mbetet: si mundet opozita tradicionale-dmth PD apo dhe partit\u00eb e reja t\u00eb llojit Qori-Lapaj, t\u00eb konkurojn\u00eb si n\u00eb Jug dhe n\u00eb Veri me nj\u00eb infrastruktur\u00eb mb\u00ebshtet\u00ebse t\u00eb k\u00ebtyre tipologjive? Si munden q\u00eb kandidat\u00ebt p\u00ebr deputet\u00eb t\u00eb opozit\u00ebs, nga pjesa e paprovuar, intelektual\u00eb t\u00eb angazhuar, njer\u00ebz q\u00eb nuk kan\u00eb qen\u00eb as ministra, as deputet\u00eb, as drejtor\u00eb dhe ofiqar\u00eb t\u00eb lart\u00eb, t\u00eb p\u00ebrballen me nj\u00eb superstruktur\u00eb politiko-kriminale.<\/p>\n<p>Edhe k\u00ebt\u00eb her\u00eb p\u00ebrballja do t\u00eb jet\u00eb mes t\u00eb tmerrshm\u00ebve t\u00eb Rilindjes dhe tipologjis\u00eb \u2018mezi shtyhen\u2019 t\u00eb PD. N\u00eb mes t\u00eb k\u00ebtij sandui\u00e7i, e pamundur dhe dekorative, do t\u00eb jet\u00eb tipologjia e paprovuar e partizave t\u00eb reja, jo m\u00eb shum\u00eb se er\u00ebza q\u00eb e b\u00ebjn\u00eb demokracin\u00eb t\u00eb duket deri diku funksionale, dhe ofertat e p\u00ebrhershme si\u00a0medium rare\u00a0i nj\u00eb bifteku p\u00ebr oreksin e gjithkujt n\u00eb ushtrin\u00eb e elektor\u00ebve nga Jugu n\u00eb Veri.<\/p>\n<p>Edi Rama, sigurisht, e ka filluar operacionin q\u00eb ta shkarkoj\u00eb veten nga narrativa se e ka kriminalizuar politik\u00ebn dhe zgjedhjet. Platforma \u201cDeputeti q\u00eb duam\u201d ka k\u00ebt\u00eb q\u00ebllim: lista e tij do t\u00eb jet\u00eb e sp\u00ebrkatur me\u00a0helenat,\u00a0si ajo q\u00eb pam\u00eb n\u00eb Asamblen\u00eb e fundit t\u00eb PS.<\/p>\n<p>Naivitet n\u00eb vend t\u00eb kriminalitetit, kjo do t\u00eb jet\u00eb uberoferta e re elektorale e Edi Ram\u00ebs.<\/p>\n<p>Por, kujtojeni faz\u00ebn e par\u00eb t\u00eb \u2018dekriminalizimit\u2019. Deputet\u00ebt q\u00eb KM gradoi si prij\u00ebs lokal\u00eb, duke i marr\u00eb nga radh\u00ebt e t\u00eb fort\u00ebve t\u00eb zonave, pasi ran\u00eb n\u00eb morsetat e dekriminalizimit-nism\u00eb ekskluzive e PD- nuk u pensionuan politikisht, por u shnd\u00ebrruan n\u00eb udh\u00ebheq\u00ebs politik\u00eb ex oficcio. Ata mbet\u00ebn n\u00ebp\u00ebr zona duke luajtur t\u00eb gjitha fijet, kontrolluar pun\u00ebsimet dhe tenderat, trafikun e drog\u00ebs dhe vrasjet.<\/p>\n<p>Kontroll total n\u00ebp\u00ebrmjet terrorit.<\/p>\n<p>Mos jini edhe ju naiv\u00eb sa\u00a0helenat. T\u00eb nj\u00ebjt\u00ebn strategji do t\u00eb p\u00ebrdor\u00eb edhe k\u00ebso here. A ka nj\u00eb dalje? Ekzorciz\u00ebm nuk mund t\u00eb jet\u00eb, por nj\u00eb zgjidhje, qoft\u00eb edhe e pjeshme vjen prej futjes s\u00eb dy element\u00ebve n\u00eb procesin politik. Ngritja e Komisionit parlamentar t\u00eb s\u00eb V\u00ebrtet\u00ebs, p\u00ebr t\u00eb identifikuar dhe prer\u00eb lidhjet e politik\u00ebs me krimin, dhe nj\u00eb qeveri asnjan\u00ebse teknike, q\u00eb mund\u00ebson zgjedhje relativisht t\u00eb lira dhe t\u00eb barabarta.<\/p>\n<p>\u00c7do rrug\u00eb e vjet\u00ebr, me neon\u00ebt e rinj t\u00eb\u00a0helenave\u00a0t\u00eb Ram\u00ebs, \u00ebsht\u00eb shteg i sigurt p\u00ebr te humnera, dor\u00ebzim p\u00ebrfundimtar i procesit politik n\u00eb Shqip\u00ebri n\u00eb duart e nj\u00eb politike q\u00eb sh\u00ebrben si vitrin\u00eb legjitimuese e krimit.<\/p>\n","protected":false},"excerpt":{"rendered":"<p>Nga\u00a0Alfred LELA Arrestimi i deputeti socialist Jurges \u00c7yrbja, nuk \u00ebsht\u00eb vet\u00ebm sinjali i radh\u00ebs p\u00ebr form\u00ebn e plot\u00eb t\u00eb dekriminalizimit t\u00eb ish-Partis\u00eb Socialiste, t\u00eb pag\u00ebzuar Rilindje nga Edi Rama, por edhe rishfaqje e hipokrizis\u00eb s\u00eb trash\u00eb, si te nj\u00eb pjes\u00eb e komentariatit politik, por edhe t\u00eb opinionit publik, mbi ato q\u00eb quhen \u2018shanse t\u00eb opozit\u00ebs\u2019, &hellip;<\/p>\n","protected":false},"author":4,"featured_media":92152,"comment_status":"closed","ping_status":"closed","sticky":false,"template":"","format":"standard","meta":{"footnotes":""},"categories":[44],"tags":[],"class_list":["post-92151","post","type-post","status-publish","format-standard","has-post-thumbnail","","category-editorial"],"_links":{"self":[{"href":"https:\/\/rdnews.al\/index.php\/wp-json\/wp\/v2\/posts\/92151","targetHints":{"allow":["GET"]}}],"collection":[{"href":"https:\/\/rdnews.al\/index.php\/wp-json\/wp\/v2\/posts"}],"about":[{"href":"https:\/\/rdnews.al\/index.php\/wp-json\/wp\/v2\/types\/post"}],"author":[{"embeddable":true,"href":"https:\/\/rdnews.al\/index.php\/wp-json\/wp\/v2\/users\/4"}],"replies":[{"embeddable":true,"href":"https:\/\/rdnews.al\/index.php\/wp-json\/wp\/v2\/comments?post=92151"}],"version-history":[{"count":1,"href":"https:\/\/rdnews.al\/index.php\/wp-json\/wp\/v2\/posts\/92151\/revisions"}],"predecessor-version":[{"id":92153,"href":"https:\/\/rdnews.al\/index.php\/wp-json\/wp\/v2\/posts\/92151\/revisions\/92153"}],"wp:featuredmedia":[{"embeddable":true,"href":"https:\/\/rdnews.al\/index.php\/wp-json\/wp\/v2\/media\/92152"}],"wp:attachment":[{"href":"https:\/\/rdnews.al\/index.php\/wp-json\/wp\/v2\/media?parent=92151"}],"wp:term":[{"taxonomy":"category","embeddable":true,"href":"https:\/\/rdnews.al\/index.php\/wp-json\/wp\/v2\/categories?post=92151"},{"taxonomy":"post_tag","embeddable":true,"href":"https:\/\/rdnews.al\/index.php\/wp-json\/wp\/v2\/tags?post=92151"}],"curies":[{"name":"wp","href":"https:\/\/api.w.org\/{rel}","templated":true}]}}