{"id":92158,"date":"2024-10-21T10:55:39","date_gmt":"2024-10-21T10:55:39","guid":{"rendered":"https:\/\/rdnews.al\/?p=92158"},"modified":"2024-10-21T10:56:19","modified_gmt":"2024-10-21T10:56:19","slug":"cyrbja-berisha-kerkon-doreheqjen-e-rames-autori-kryesor-i-ndertimit-te-piramides-me-te-madhe-shteterore-te-krimit-ne-europe","status":"publish","type":"post","link":"https:\/\/rdnews.al\/index.php\/2024\/10\/21\/cyrbja-berisha-kerkon-doreheqjen-e-rames-autori-kryesor-i-ndertimit-te-piramides-me-te-madhe-shteterore-te-krimit-ne-europe\/","title":{"rendered":"\u201c\u00c7yrbja\u201d\/ Berisha k\u00ebrkon dor\u00ebheqjen e Ram\u00ebs: \u00cbsht\u00eb autori kryesor i nd\u00ebrtimit t\u00eb piramid\u00ebs m\u00eb t\u00eb madhe shtet\u00ebrore t\u00eb krimit n\u00eb Europ\u00eb"},"content":{"rendered":"<p>Kryetari i PD, Sali Berisha, gjat\u00eb konferenc\u00ebs p\u00ebr shtyp me gazetar\u00ebt k\u00ebrkoi dor\u00ebhqejen e kryeministrit Rama p\u00ebr skandalin \u00c7yrbja. Berisha tha se, Rama \u00ebsht\u00eb autori kryesor i nd\u00ebrtimit t\u00eb piramid\u00ebs m\u00eb t\u00eb madhe shtet\u00ebrore t\u00eb krimit n\u00eb Europ\u00eb.<\/p>\n<p>\u201cMir\u00ebdita dhe p\u00ebrsh\u00ebndetje gazetar\u00ebve t\u00eb pranish\u00ebm aty dhe t\u00eb gjith\u00eb qytetar\u00ebve q\u00eb ndjekin k\u00ebt\u00eb takim me shtypin.<\/p>\n<p>Sot jam para jush p\u00ebr t\u00eb k\u00ebrkuar publikisht dor\u00ebheqjen e menj\u00ebhershme t\u00eb kreut t\u00eb krimit t\u00eb organizuar shqiptar n\u00eb pushtet, Edvin Kristaq Ram\u00ebs, i cili \u00ebsht\u00eb autor kryesor i nd\u00ebrtimit me angazhimin e tij direkt t\u00eb piramid\u00ebs m\u00eb t\u00eb madhe t\u00eb krimit n\u00eb Europ\u00eb, piramid\u00ebs m\u00eb t\u00eb madhe shtet\u00ebrore t\u00eb krimit n\u00eb Europ\u00eb.<\/p>\n<p>Zonja dhe zot\u00ebrinj, t\u00eb dh\u00ebnat e b\u00ebra publike sot nga mediat p\u00ebr ish-deputetin kriminel, \u00c7yrbja, implikojn\u00eb direkt kreun e qeveris\u00eb s\u00eb krimit, Edi Rama. Sepse \u00ebsht\u00eb direkt Edi Rama njeriu q\u00eb ka ngr\u00ebn\u00eb dardhat e \u00c7yrbjes.<\/p>\n<p>Jurgis \u00c7yrbja, i njohur bot\u00ebrisht si p\u00ebrfaq\u00ebsuesi i klanit mafioz Avdylaj, ka shp\u00ebrblyer Edi Ram\u00ebn s\u00eb bashku me Avdylajn me tonelata dardha t\u00eb krimbura.<\/p>\n<p>Ka d\u00ebrguar dy her\u00eb mandatin e tij n\u00eb parlament.<\/p>\n<p>Rasti \u00c7yrbja \u00ebsht\u00eb rasti q\u00eb fakton n\u00eb m\u00ebnyr\u00ebn m\u00eb t\u00eb pakund\u00ebrshtueshme faktin se n\u00eb Shqip\u00ebri vendimmarr\u00ebs num\u00ebr 1 \u00ebsht\u00eb krimi dhe vet\u00ebm krimi\u201d, tha Berisha.<\/p>\n","protected":false},"excerpt":{"rendered":"<p>Kryetari i PD, Sali Berisha, gjat\u00eb konferenc\u00ebs p\u00ebr shtyp me gazetar\u00ebt k\u00ebrkoi dor\u00ebhqejen e kryeministrit Rama p\u00ebr skandalin \u00c7yrbja. Berisha tha se, Rama \u00ebsht\u00eb autori kryesor i nd\u00ebrtimit t\u00eb piramid\u00ebs m\u00eb t\u00eb madhe shtet\u00ebrore t\u00eb krimit n\u00eb Europ\u00eb. \u201cMir\u00ebdita dhe p\u00ebrsh\u00ebndetje gazetar\u00ebve t\u00eb pranish\u00ebm aty dhe t\u00eb gjith\u00eb qytetar\u00ebve q\u00eb ndjekin k\u00ebt\u00eb takim me shtypin. &hellip;<\/p>\n","protected":false},"author":4,"featured_media":92159,"comment_status":"closed","ping_status":"closed","sticky":false,"template":"","format":"standard","meta":{"footnotes":""},"categories":[37],"tags":[],"class_list":["post-92158","post","type-post","status-publish","format-standard","has-post-thumbnail","","category-politike"],"_links":{"self":[{"href":"https:\/\/rdnews.al\/index.php\/wp-json\/wp\/v2\/posts\/92158","targetHints":{"allow":["GET"]}}],"collection":[{"href":"https:\/\/rdnews.al\/index.php\/wp-json\/wp\/v2\/posts"}],"about":[{"href":"https:\/\/rdnews.al\/index.php\/wp-json\/wp\/v2\/types\/post"}],"author":[{"embeddable":true,"href":"https:\/\/rdnews.al\/index.php\/wp-json\/wp\/v2\/users\/4"}],"replies":[{"embeddable":true,"href":"https:\/\/rdnews.al\/index.php\/wp-json\/wp\/v2\/comments?post=92158"}],"version-history":[{"count":2,"href":"https:\/\/rdnews.al\/index.php\/wp-json\/wp\/v2\/posts\/92158\/revisions"}],"predecessor-version":[{"id":92161,"href":"https:\/\/rdnews.al\/index.php\/wp-json\/wp\/v2\/posts\/92158\/revisions\/92161"}],"wp:featuredmedia":[{"embeddable":true,"href":"https:\/\/rdnews.al\/index.php\/wp-json\/wp\/v2\/media\/92159"}],"wp:attachment":[{"href":"https:\/\/rdnews.al\/index.php\/wp-json\/wp\/v2\/media?parent=92158"}],"wp:term":[{"taxonomy":"category","embeddable":true,"href":"https:\/\/rdnews.al\/index.php\/wp-json\/wp\/v2\/categories?post=92158"},{"taxonomy":"post_tag","embeddable":true,"href":"https:\/\/rdnews.al\/index.php\/wp-json\/wp\/v2\/tags?post=92158"}],"curies":[{"name":"wp","href":"https:\/\/api.w.org\/{rel}","templated":true}]}}