{"id":92162,"date":"2024-10-21T11:00:22","date_gmt":"2024-10-21T11:00:22","guid":{"rendered":"https:\/\/rdnews.al\/?p=92162"},"modified":"2024-10-21T11:00:22","modified_gmt":"2024-10-21T11:00:22","slug":"berisha-familja-mafioze-avdylaj-i-diktoi-rames-qe-ta-vendoste-cyrbjen-ne-listen-e-durresit-te-dytin-pas-tij","status":"publish","type":"post","link":"https:\/\/rdnews.al\/index.php\/2024\/10\/21\/berisha-familja-mafioze-avdylaj-i-diktoi-rames-qe-ta-vendoste-cyrbjen-ne-listen-e-durresit-te-dytin-pas-tij\/","title":{"rendered":"Berisha: Familja mafioze Avdylaj i diktoi Ram\u00ebs q\u00eb ta vendoste \u00c7yrbjen n\u00eb list\u00ebn e Durr\u00ebsit t\u00eb dytin pas tij"},"content":{"rendered":"<p>Kryetari i PD, \u00a0Sali Berisha tha se, familja mafioze Avdylaj e Shijakut, i ka diktuar Edi Ram\u00ebs vendosjen e Jurgis \u00c7yrben n\u00eb list\u00eb t\u00eb sigurt\u00eb p\u00ebr deputet\u00eb n\u00eb qarkun e Durr\u00ebsit.<\/p>\n<p>Berisha tha se, peshqit e m\u00ebdhenj jan\u00eb sip\u00ebr fare. Peshkaqeni \u00ebsht\u00eb Edi Rama sepse i d\u00ebgjoj sot \u00c7yrbja n\u00eb SKY E\u00c7 ka th\u00ebn\u00eb k\u00ebto e ato, por sot \u00ebsht\u00eb e faktuar, e v\u00ebrtet\u00eb n\u00eb drit\u00ebn e diellit, se Edi Rama me kriminelin McGonigalin, me SKY E\u00c7, ka porositur krime kund\u00ebr opozit\u00ebs.<\/p>\n<p>\u201cFamilja mafioze Avdylaj jo vet\u00ebm kandidoi \u00c7yrbjen si p\u00ebrfaq\u00ebsues t\u00eb vetin n\u00eb parlament, por i diktoi Edi Ram\u00ebs, i cili kryesoi list\u00ebn e Durr\u00ebsit n\u00eb zgjedhjet e fundit, ta vendos\u00eb at\u00eb pik\u00ebrisht burrin e dyt\u00eb n\u00eb list\u00eb pas vetes, apo t\u00eb tretin pas nj\u00eb zonje q\u00eb e detyronte ligji.<\/p>\n<p>Pra, kemi t\u00eb b\u00ebjm\u00eb me diktatin e plot\u00eb t\u00eb klanit mafioz Avdylaj, jo vet\u00ebm p\u00ebr futjen n\u00eb list\u00eb, por dhe renditjen n\u00eb dyt\u00eb pas Edi Ram\u00ebs t\u00eb gjinis\u00eb mashkullore n\u00eb list\u00ebn e Durr\u00ebsit.<\/p>\n<p>Edi Rama duhet t\u00eb jap\u00eb dor\u00ebheqjen e m\u00ebnjehershme sepse ka ngr\u00ebn\u00eb dardhat e nj\u00eb njeriu q\u00eb strehonte, q\u00eb fshihte vras\u00ebsin e Preng\u00ebs.<\/p>\n<p>Mos harroni se \u00c7yrbja nuk \u00ebsht\u00eb peshku i madh, jo, jo.<\/p>\n<p>Peshqit e m\u00ebdhenj jan\u00eb sip\u00ebr fare. Peshkaqeni \u00ebsht\u00eb Edi Rama sepse i d\u00ebgjoj sot \u00c7yrbja n\u00eb SKY E\u00c7 ka th\u00ebn\u00eb k\u00ebto e ato, por sot \u00ebsht\u00eb e faktuar, e v\u00ebrtet\u00eb n\u00eb drit\u00ebn e diellit, se Edi Rama me kriminelin McGonigalin, me SKY E\u00c7, ka porositur krime kund\u00ebr opozit\u00ebs.<\/p>\n<p>Se Edi Rama ka pasur jo nj\u00eb, por m\u00eb shum\u00eb se nj\u00eb telefona t\u00eb koduar.<\/p>\n<p>Sot \u00ebsht\u00eb e faktuar dhe mediat belge e kan\u00eb b\u00ebr\u00eb publike emrin e tij, si nj\u00eb bashk\u00ebpun\u00ebtor i bandave m\u00eb t\u00eb rrezikshme shqiptare n\u00eb Europ\u00eb dhe n\u00eb bot\u00eb.<\/p>\n<p>Edi Rama duhet t\u00eb jap\u00eb dor\u00ebheqjen sot sepse ish-z\u00ebvend\u00ebsi i tij Arben Ahmetaj ka v\u00ebrtetuar se nga zyra e tij b\u00ebhet koordinimi i bandave, se n\u00eb zyr\u00ebn e tij priten bos\u00ebt kryesor\u00eb t\u00eb sht\u00ebpive mafioze, nga ata t\u00eb Sinaloas dhe t\u00eb tjer\u00eb me radh\u00eb\u201d, tha Berisha.<\/p>\n","protected":false},"excerpt":{"rendered":"<p>Kryetari i PD, \u00a0Sali Berisha tha se, familja mafioze Avdylaj e Shijakut, i ka diktuar Edi Ram\u00ebs vendosjen e Jurgis \u00c7yrben n\u00eb list\u00eb t\u00eb sigurt\u00eb p\u00ebr deputet\u00eb n\u00eb qarkun e Durr\u00ebsit. Berisha tha se, peshqit e m\u00ebdhenj jan\u00eb sip\u00ebr fare. Peshkaqeni \u00ebsht\u00eb Edi Rama sepse i d\u00ebgjoj sot \u00c7yrbja n\u00eb SKY E\u00c7 ka th\u00ebn\u00eb k\u00ebto &hellip;<\/p>\n","protected":false},"author":4,"featured_media":91883,"comment_status":"closed","ping_status":"closed","sticky":false,"template":"","format":"standard","meta":{"footnotes":""},"categories":[37],"tags":[],"class_list":["post-92162","post","type-post","status-publish","format-standard","has-post-thumbnail","","category-politike"],"_links":{"self":[{"href":"https:\/\/rdnews.al\/index.php\/wp-json\/wp\/v2\/posts\/92162","targetHints":{"allow":["GET"]}}],"collection":[{"href":"https:\/\/rdnews.al\/index.php\/wp-json\/wp\/v2\/posts"}],"about":[{"href":"https:\/\/rdnews.al\/index.php\/wp-json\/wp\/v2\/types\/post"}],"author":[{"embeddable":true,"href":"https:\/\/rdnews.al\/index.php\/wp-json\/wp\/v2\/users\/4"}],"replies":[{"embeddable":true,"href":"https:\/\/rdnews.al\/index.php\/wp-json\/wp\/v2\/comments?post=92162"}],"version-history":[{"count":1,"href":"https:\/\/rdnews.al\/index.php\/wp-json\/wp\/v2\/posts\/92162\/revisions"}],"predecessor-version":[{"id":92163,"href":"https:\/\/rdnews.al\/index.php\/wp-json\/wp\/v2\/posts\/92162\/revisions\/92163"}],"wp:featuredmedia":[{"embeddable":true,"href":"https:\/\/rdnews.al\/index.php\/wp-json\/wp\/v2\/media\/91883"}],"wp:attachment":[{"href":"https:\/\/rdnews.al\/index.php\/wp-json\/wp\/v2\/media?parent=92162"}],"wp:term":[{"taxonomy":"category","embeddable":true,"href":"https:\/\/rdnews.al\/index.php\/wp-json\/wp\/v2\/categories?post=92162"},{"taxonomy":"post_tag","embeddable":true,"href":"https:\/\/rdnews.al\/index.php\/wp-json\/wp\/v2\/tags?post=92162"}],"curies":[{"name":"wp","href":"https:\/\/api.w.org\/{rel}","templated":true}]}}