{"id":92165,"date":"2024-10-21T11:06:46","date_gmt":"2024-10-21T11:06:46","guid":{"rendered":"https:\/\/rdnews.al\/?p=92165"},"modified":"2024-10-21T11:06:46","modified_gmt":"2024-10-21T11:06:46","slug":"berisha-te-dhenat-e-sky-ecc-per-taulant-ballen-jane-shume-me-kriminale-se-ato-te-cyrbjes-por-ai-mbrohet-nga-skapi-i-partise","status":"publish","type":"post","link":"https:\/\/rdnews.al\/index.php\/2024\/10\/21\/berisha-te-dhenat-e-sky-ecc-per-taulant-ballen-jane-shume-me-kriminale-se-ato-te-cyrbjes-por-ai-mbrohet-nga-skapi-i-partise\/","title":{"rendered":"Berisha: T\u00eb dh\u00ebnat e SKY ECC p\u00ebr Taulant Ball\u00ebn jan\u00eb shum\u00eb m\u00eb kriminale se ato t\u00eb \u00c7yrbjes, por ai mbrohet nga Skapi i partis\u00eb"},"content":{"rendered":"<p>Gjat\u00eb konferenc\u00ebs p\u00ebr shtyp me gazetar\u00ebt, kreu i PD, Sali Berisha theksoi se, t\u00eb dh\u00ebnat e SKY ECC p\u00ebr ministrin e Ram\u00ebs, Taulant Balla jan\u00eb shum\u00eb m\u00eb kriminale se ato t\u00eb \u00c7yrbjes. Por, sipas liderit t\u00eb PD-s\u00eb, Balla mbrohet nga Skapi i partis\u00eb dhe prandaj vazhdon e del n\u00ebp\u00ebr Europ\u00eb n\u00eb em\u00ebr t\u00eb Edi Ram\u00ebs.<\/p>\n<p>\u201cSot, koleg\u00ebt e Erion Veliajt n\u00eb Skapin e partis\u00eb njoftuan, b\u00ebn\u00eb publik p\u00ebr akuzat q\u00eb kan\u00eb ndaj Jurgis \u00c7yrbjes dhe t\u00eb dh\u00ebnat q\u00eb kan\u00eb marr\u00eb me SKY ECC.<\/p>\n<p>T\u00eb dashur qytetar\u00eb, shum\u00eb her\u00eb m\u00eb kriminale jan\u00eb t\u00eb dh\u00ebnat q\u00eb SKY ECC dhe p\u00ebrgjimet kan\u00eb dh\u00ebn\u00eb p\u00ebr kriminelin minist\u00ebr Taulant Balla.<\/p>\n<p>V\u00ebrtet \u00c7yrbja ka kryer krimin e sh\u00ebmtuar duke marr\u00eb n\u00eb mbrojtje Altin Hajrin, por mos harroni se Taulant Balla me fam\u00ebziun Vath Staka, prokuror sot n\u00eb KLP, me urdh\u00ebr t\u00eb bandave, liruan dy terrorist\u00eb q\u00eb i vendos\u00ebn tritolin p\u00ebr ta eksploduar n\u00eb publik qytetarin Lulzim Kulla.<\/p>\n<p>Dhe Taulant Balla l\u00ebviz si p\u00ebrfaq\u00ebsues i qeveris\u00eb n\u00ebp\u00ebr bot\u00eb.<\/p>\n<p>Shum\u00eb m\u00eb t\u00eb forta se veprat e kryera nga \u00c7yrbja jan\u00eb ato t\u00eb Taulant Ball\u00ebs, i cili n\u00eb regjistrime rezulton z\u00ebdh\u00ebn\u00ebs i interesave t\u00eb familjes mafioze Bajr\u00ebt, familjes mafioze \u00c7ela, familjes mafioze Rrajat, etj.<\/p>\n<p>Kush mund t\u2019i mohoj\u00eb k\u00ebto fakte p\u00ebrve\u00e7 Altin Dumanit, k\u00ebtij mercenari, m\u00eb i lig se Nuredini?<\/p>\n<p>Edi Rama duhet t\u00eb jap\u00eb dor\u00ebheqjen n\u00eb m\u00ebnyr\u00eb urgjente sepse mban minist\u00ebr Taulant Ball\u00ebn, nd\u00ebr t\u00eb tjera, i cili figuron n\u00eb regjistrime si njeri q\u00eb ka porositur vrasje, t\u00eb gjitha k\u00ebto t\u00eb publikuara.<\/p>\n<p>Si nj\u00eb njeri q\u00eb \u00ebsht\u00eb marr\u00eb intensivisht me tenderat e bandave.<\/p>\n<p>Si nj\u00eb njeri i cili ka organizuar kurthe p\u00ebr t\u00eb arrestuar njer\u00ebz p\u00ebr krime q\u00eb nuk i kishin kryer kurr\u00eb.<\/p>\n<p>Edi Rama duhet t\u00eb jap\u00eb dor\u00ebheqjen sot si kreu i krimit t\u00eb organizuar n\u00eb Shqip\u00ebri, sepse v\u00eblla Olsi, me dokumente zyrtare, \u00ebsht\u00eb faktuar eksponent i klanit shqiptaro-kolumbian t\u00eb Hakmarrjes p\u00ebr Drejt\u00ebsi t\u00eb Xibrak\u00ebs.<\/p>\n<p>Edi Rama duhet t\u00eb jap\u00eb dor\u00ebheqjen menj\u00ebher\u00eb sepse \u00ebsht\u00eb shtylla kryesore e krimit n\u00eb Shqip\u00ebri\u201d, tha Berisha.<\/p>\n","protected":false},"excerpt":{"rendered":"<p>Gjat\u00eb konferenc\u00ebs p\u00ebr shtyp me gazetar\u00ebt, kreu i PD, Sali Berisha theksoi se, t\u00eb dh\u00ebnat e SKY ECC p\u00ebr ministrin e Ram\u00ebs, Taulant Balla jan\u00eb shum\u00eb m\u00eb kriminale se ato t\u00eb \u00c7yrbjes. Por, sipas liderit t\u00eb PD-s\u00eb, Balla mbrohet nga Skapi i partis\u00eb dhe prandaj vazhdon e del n\u00ebp\u00ebr Europ\u00eb n\u00eb em\u00ebr t\u00eb Edi Ram\u00ebs. &hellip;<\/p>\n","protected":false},"author":4,"featured_media":90422,"comment_status":"closed","ping_status":"closed","sticky":false,"template":"","format":"standard","meta":{"footnotes":""},"categories":[37],"tags":[],"class_list":["post-92165","post","type-post","status-publish","format-standard","has-post-thumbnail","","category-politike"],"_links":{"self":[{"href":"https:\/\/rdnews.al\/index.php\/wp-json\/wp\/v2\/posts\/92165","targetHints":{"allow":["GET"]}}],"collection":[{"href":"https:\/\/rdnews.al\/index.php\/wp-json\/wp\/v2\/posts"}],"about":[{"href":"https:\/\/rdnews.al\/index.php\/wp-json\/wp\/v2\/types\/post"}],"author":[{"embeddable":true,"href":"https:\/\/rdnews.al\/index.php\/wp-json\/wp\/v2\/users\/4"}],"replies":[{"embeddable":true,"href":"https:\/\/rdnews.al\/index.php\/wp-json\/wp\/v2\/comments?post=92165"}],"version-history":[{"count":1,"href":"https:\/\/rdnews.al\/index.php\/wp-json\/wp\/v2\/posts\/92165\/revisions"}],"predecessor-version":[{"id":92166,"href":"https:\/\/rdnews.al\/index.php\/wp-json\/wp\/v2\/posts\/92165\/revisions\/92166"}],"wp:featuredmedia":[{"embeddable":true,"href":"https:\/\/rdnews.al\/index.php\/wp-json\/wp\/v2\/media\/90422"}],"wp:attachment":[{"href":"https:\/\/rdnews.al\/index.php\/wp-json\/wp\/v2\/media?parent=92165"}],"wp:term":[{"taxonomy":"category","embeddable":true,"href":"https:\/\/rdnews.al\/index.php\/wp-json\/wp\/v2\/categories?post=92165"},{"taxonomy":"post_tag","embeddable":true,"href":"https:\/\/rdnews.al\/index.php\/wp-json\/wp\/v2\/tags?post=92165"}],"curies":[{"name":"wp","href":"https:\/\/api.w.org\/{rel}","templated":true}]}}