{"id":92202,"date":"2024-10-21T13:54:52","date_gmt":"2024-10-21T13:54:52","guid":{"rendered":"https:\/\/rdnews.al\/?p=92202"},"modified":"2024-10-21T13:54:52","modified_gmt":"2024-10-21T13:54:52","slug":"paloka-sot-pas-fakteve-te-bera-publike-do-duhej-te-vihej-ne-pranga-edvin-rama","status":"publish","type":"post","link":"https:\/\/rdnews.al\/index.php\/2024\/10\/21\/paloka-sot-pas-fakteve-te-bera-publike-do-duhej-te-vihej-ne-pranga-edvin-rama\/","title":{"rendered":"Paloka: Sot, pas fakteve t\u00eb b\u00ebra publike, do duhej t\u00eb vihej n\u00eb pranga Edvin Rama!"},"content":{"rendered":"<div id=\"rekl-49\">Kreu i K\u00ebshillit Komb\u00ebtar t\u00eb Partis\u00eb Demokratike Edi Paloka ka reaguar pas arrestimit t\u00eb dhunsh\u00ebm t\u00eb Presidentit t\u00eb Partis\u00eb s\u00eb Liris\u00eb Ilir Meta.<\/div>\n<div class=\"readmore-text-here\">\n<p>\u201cMjaftojn\u00eb pamjet e rr\u00ebmbimit te ish-Presidentit, nga ajo polici q\u00eb shoq\u00ebronte me temena \u201cEscobarin e Ballkanit\u201d, p\u00ebr t\u00eb kuptuar se k\u00ebtu nuk ka nj\u00eb drejt\u00ebsi n\u00eb veprim po nj\u00eb most\u00ebr q\u00eb vepron n\u00eb funksion t\u00eb konsolidimit t\u00eb rr\u00ebgjimit t\u00eb tij diktatorial por dhe hakmarrjes s\u00eb tij prej burracaku!\u201d, shkruan Paloka.<\/p>\n<p><strong>Reagimi<\/strong><\/p>\n<div id=\"rekl-13\">\n<div id=\"__sap-ad-15\" class=\"__sap-ads __sap-html inline tracked\" data-title=\"Credins desktop Brenda lajmit 08\"><ins><\/p>\n<div id=\"beacon_bbca82219a\">Nj\u00eb band\u00eb kriminale n\u00ebn urdhrat e Ram\u00ebs, q\u00eb po kalon dhe Sigurimin e Shtetit me aktet kund\u00ebr opozit\u00ebs!<\/div>\n<p><\/ins><\/div>\n<\/div>\n<p>Mjaftojn\u00eb pamjet e rr\u00ebmbimit te ish-Presidentit, ish- Kryetarit t\u00eb Parlamentit, ish-Kryeministrit t\u00eb vendit dhe kryetarit t\u00eb partis\u00eb s\u00eb dyt\u00eb m\u00eb t\u00eb madhe opozitare, nga ajo polici q\u00eb shoq\u00ebronte me temena \u201cEscobarin e Ballkanit\u201d, p\u00ebr t\u00eb kuptuar se k\u00ebtu nuk ka nj\u00eb drejt\u00ebsi n\u00eb veprim po nj\u00eb most\u00ebr q\u00eb vepron n\u00eb funksion t\u00eb konsolidimit t\u00eb rr\u00ebgjimit t\u00eb tij diktatorial por dhe hakmarrjes s\u00eb tij prej burracaku!<\/p>\n<p>Sot, pas fakteve t\u00eb b\u00ebra publike, do duhej t\u00eb vihej n\u00eb pranga pikerisht Edvin Rama!<\/p>\n<p><iframe loading=\"lazy\" src=\"https:\/\/www.facebook.com\/plugins\/post.php?href=https%3A%2F%2Fwww.facebook.com%2Fpermalink.php%3Fstory_fbid%3Dpfbid0295r8dG4DWTZedazdbcxWcgkNswGb6eXrB6dbZuSwMqhpx3Uj9J7GHSCY7yz2PrgZl%26id%3D100008639860309&amp;show_text=true&amp;width=500\" width=\"500\" height=\"819\" frameborder=\"0\" scrolling=\"no\" allowfullscreen=\"allowfullscreen\" data-mce-fragment=\"1\"><\/iframe><\/p>\n<\/div>\n<p>&nbsp;<\/p>\n","protected":false},"excerpt":{"rendered":"<p>Kreu i K\u00ebshillit Komb\u00ebtar t\u00eb Partis\u00eb Demokratike Edi Paloka ka reaguar pas arrestimit t\u00eb dhunsh\u00ebm t\u00eb Presidentit t\u00eb Partis\u00eb s\u00eb Liris\u00eb Ilir Meta. \u201cMjaftojn\u00eb pamjet e rr\u00ebmbimit te ish-Presidentit, nga ajo polici q\u00eb shoq\u00ebronte me temena \u201cEscobarin e Ballkanit\u201d, p\u00ebr t\u00eb kuptuar se k\u00ebtu nuk ka nj\u00eb drejt\u00ebsi n\u00eb veprim po nj\u00eb most\u00ebr q\u00eb vepron &hellip;<\/p>\n","protected":false},"author":4,"featured_media":47665,"comment_status":"closed","ping_status":"closed","sticky":false,"template":"","format":"standard","meta":{"footnotes":""},"categories":[37],"tags":[],"class_list":["post-92202","post","type-post","status-publish","format-standard","has-post-thumbnail","","category-politike"],"_links":{"self":[{"href":"https:\/\/rdnews.al\/index.php\/wp-json\/wp\/v2\/posts\/92202","targetHints":{"allow":["GET"]}}],"collection":[{"href":"https:\/\/rdnews.al\/index.php\/wp-json\/wp\/v2\/posts"}],"about":[{"href":"https:\/\/rdnews.al\/index.php\/wp-json\/wp\/v2\/types\/post"}],"author":[{"embeddable":true,"href":"https:\/\/rdnews.al\/index.php\/wp-json\/wp\/v2\/users\/4"}],"replies":[{"embeddable":true,"href":"https:\/\/rdnews.al\/index.php\/wp-json\/wp\/v2\/comments?post=92202"}],"version-history":[{"count":1,"href":"https:\/\/rdnews.al\/index.php\/wp-json\/wp\/v2\/posts\/92202\/revisions"}],"predecessor-version":[{"id":92203,"href":"https:\/\/rdnews.al\/index.php\/wp-json\/wp\/v2\/posts\/92202\/revisions\/92203"}],"wp:featuredmedia":[{"embeddable":true,"href":"https:\/\/rdnews.al\/index.php\/wp-json\/wp\/v2\/media\/47665"}],"wp:attachment":[{"href":"https:\/\/rdnews.al\/index.php\/wp-json\/wp\/v2\/media?parent=92202"}],"wp:term":[{"taxonomy":"category","embeddable":true,"href":"https:\/\/rdnews.al\/index.php\/wp-json\/wp\/v2\/categories?post=92202"},{"taxonomy":"post_tag","embeddable":true,"href":"https:\/\/rdnews.al\/index.php\/wp-json\/wp\/v2\/tags?post=92202"}],"curies":[{"name":"wp","href":"https:\/\/api.w.org\/{rel}","templated":true}]}}