{"id":92252,"date":"2024-10-21T19:05:46","date_gmt":"2024-10-21T19:05:46","guid":{"rendered":"https:\/\/rdnews.al\/?p=92252"},"modified":"2024-10-21T19:09:51","modified_gmt":"2024-10-21T19:09:51","slug":"meta-reagon-nga-qelia-rrembimi-im-ne-menyren-me-banditeske-tregon-panikun-e-regjimit-diktatorial","status":"publish","type":"post","link":"https:\/\/rdnews.al\/index.php\/2024\/10\/21\/meta-reagon-nga-qelia-rrembimi-im-ne-menyren-me-banditeske-tregon-panikun-e-regjimit-diktatorial\/","title":{"rendered":"Meta reagon nga qelia: Rr\u00ebmbimi im n\u00eb m\u00ebnyr\u00ebn m\u00eb banditeske tregon panikun e regjimit diktatorial"},"content":{"rendered":"<p>Ish-Presidenti i Republik\u00ebs, Ilir Meta ka reaguar nga qelia, pasi u arrestua sot me urdh\u00ebr t\u00eb SPAK, teksa u shoq\u00ebrua dhunsh\u00ebm nga efektiv\u00ebt e Policis\u00eb, duke u t\u00ebrhequr zvarr\u00eb nga automjeti i tij.<\/p>\n<p>Teksa falenderon an\u00ebtar\u00ebt e PL-s\u00eb p\u00ebr mb\u00ebshtetjen q\u00eb i kan\u00eb dh\u00ebn\u00eb, Meta shprehet se nga\u00a0lufta e tyre nis nj\u00eb faqe t\u00eb re n\u00eb p\u00ebrballjen pa asnj\u00eb kompromis me Narkoshtetin e instaluar brutalisht.<\/p>\n<p>N\u00eb nj\u00eb postim n\u00eb rrjetet sociale, Meta shkruan se rr\u00ebmbimi i tij sot n\u00eb m\u00ebnyr\u00ebn m\u00eb banditeske tregon panikun e regjimit diktatorial nga ballafaqimi me t\u00eb v\u00ebrtetat. Ai shton m\u00eb tej se tashm\u00eb ndihet m\u00eb i fort\u00eb dhe beson edhe m\u00eb shum\u00eb n\u00eb pafajlsin\u00eb e tij.<\/p>\n<p>Meta deklaron se ndihet krenar q\u00eb \u00ebsht\u00eb rr\u00ebmbyer dhunsh\u00ebm nga antishqiptar\u00ebt dhe shqipfol\u00ebsit vet\u00ebm p\u00ebr patriotizmin e tij dhe mbrojtjen e interesave komb\u00ebtare.<\/p>\n<p><strong style=\"font-style: inherit;\">Reagimi i plot\u00eb<\/strong><\/p>\n<p><span style=\"font-style: inherit; font-weight: inherit;\">Falenderoj p\u00ebrzem\u00ebrsisht t\u00eb gjith\u00eb an\u00ebtar\u00ebt e Partis\u00eb s\u00eb Liris\u00eb p\u00ebr mb\u00ebshtetjen e jasht\u00ebzakonshme q\u00eb m\u00eb kan\u00eb dh\u00ebn\u00eb deri tani.<\/span><\/p>\n<p>Po k\u00ebshtu nga sot lufta jon\u00eb nis nj\u00eb faqe t\u00eb re n\u00eb p\u00ebrballjen pa asnj\u00eb kompromis me Narkoshtetin e instaluar brutalisht.<\/p>\n<p>Jam i bindur n\u00eb fitoren e kauzave tona komb\u00ebtare dhe demokratike!<\/p>\n<p>Armiqt\u00eb e kombit ton\u00eb dhe demokracis\u00eb do u ngrij\u00eb e qeshura n\u00eb buz\u00eb!<\/p>\n<p>Rr\u00ebmbimi im sot n\u00eb m\u00ebnyr\u00ebn m\u00eb banditeske tregon panikun e regjimit diktatorial nga ballafaqimi me t\u00eb v\u00ebrtetat.<\/p>\n<p>Ju siguroj se pas njohjes me vendimin e arrestimit tim ndihem m\u00eb i fort\u00eb se kurr\u00eb dhe besoj edhe shum\u00eb n\u00eb pafaj\u00ebsin\u00eb time t\u00eb plot\u00eb.<\/p>\n<p>Ndihem krenar q\u00eb jam rr\u00ebmbyer dhunsh\u00ebm nga antishqiptar\u00ebt dhe shqipfol\u00ebsit vet\u00ebm p\u00ebr patriotizmin tim dhe mbrojtjen e interesave komb\u00ebtare.<\/p>\n","protected":false},"excerpt":{"rendered":"<p>Ish-Presidenti i Republik\u00ebs, Ilir Meta ka reaguar nga qelia, pasi u arrestua sot me urdh\u00ebr t\u00eb SPAK, teksa u shoq\u00ebrua dhunsh\u00ebm nga efektiv\u00ebt e Policis\u00eb, duke u t\u00ebrhequr zvarr\u00eb nga automjeti i tij. Teksa falenderon an\u00ebtar\u00ebt e PL-s\u00eb p\u00ebr mb\u00ebshtetjen q\u00eb i kan\u00eb dh\u00ebn\u00eb, Meta shprehet se nga\u00a0lufta e tyre nis nj\u00eb faqe t\u00eb re &hellip;<\/p>\n","protected":false},"author":4,"featured_media":92253,"comment_status":"closed","ping_status":"closed","sticky":false,"template":"","format":"standard","meta":{"footnotes":""},"categories":[37],"tags":[],"class_list":["post-92252","post","type-post","status-publish","format-standard","has-post-thumbnail","","category-politike"],"_links":{"self":[{"href":"https:\/\/rdnews.al\/index.php\/wp-json\/wp\/v2\/posts\/92252","targetHints":{"allow":["GET"]}}],"collection":[{"href":"https:\/\/rdnews.al\/index.php\/wp-json\/wp\/v2\/posts"}],"about":[{"href":"https:\/\/rdnews.al\/index.php\/wp-json\/wp\/v2\/types\/post"}],"author":[{"embeddable":true,"href":"https:\/\/rdnews.al\/index.php\/wp-json\/wp\/v2\/users\/4"}],"replies":[{"embeddable":true,"href":"https:\/\/rdnews.al\/index.php\/wp-json\/wp\/v2\/comments?post=92252"}],"version-history":[{"count":3,"href":"https:\/\/rdnews.al\/index.php\/wp-json\/wp\/v2\/posts\/92252\/revisions"}],"predecessor-version":[{"id":92256,"href":"https:\/\/rdnews.al\/index.php\/wp-json\/wp\/v2\/posts\/92252\/revisions\/92256"}],"wp:featuredmedia":[{"embeddable":true,"href":"https:\/\/rdnews.al\/index.php\/wp-json\/wp\/v2\/media\/92253"}],"wp:attachment":[{"href":"https:\/\/rdnews.al\/index.php\/wp-json\/wp\/v2\/media?parent=92252"}],"wp:term":[{"taxonomy":"category","embeddable":true,"href":"https:\/\/rdnews.al\/index.php\/wp-json\/wp\/v2\/categories?post=92252"},{"taxonomy":"post_tag","embeddable":true,"href":"https:\/\/rdnews.al\/index.php\/wp-json\/wp\/v2\/tags?post=92252"}],"curies":[{"name":"wp","href":"https:\/\/api.w.org\/{rel}","templated":true}]}}