{"id":92257,"date":"2024-10-21T20:00:27","date_gmt":"2024-10-21T20:00:27","guid":{"rendered":"https:\/\/rdnews.al\/?p=92257"},"modified":"2024-10-22T08:49:45","modified_gmt":"2024-10-22T08:49:45","slug":"deklarata-e-forte-e-bushatit-gjithe-vjedhjet-e-metes-nuk-jane-sa-nje-pagese-per-dashnoret-e-veliajt","status":"publish","type":"post","link":"https:\/\/rdnews.al\/index.php\/2024\/10\/21\/deklarata-e-forte-e-bushatit-gjithe-vjedhjet-e-metes-nuk-jane-sa-nje-pagese-per-dashnoret-e-veliajt\/","title":{"rendered":"Bushati: Gjith\u00eb vjedhjet e Met\u00ebs nuk jan\u00eb as sa nj\u00eb pages\u00eb p\u00ebr dashnoret e Veliajt"},"content":{"rendered":"<p>Andi Bushati \u00ebsht\u00eb shprehur ashp\u00ebr p\u00ebr m\u00ebnyr\u00ebn sesi \u00ebsht\u00eb b\u00ebr\u00eb arrestimi i Ilir Met\u00ebs. Sipas tij SPAK sot \u00ebsht\u00eb nj\u00eb hanxhar n\u00eb dor\u00ebn e Ram\u00ebs p\u00ebr t\u00eb goditur opozit\u00ebn.<\/p>\n<p>Bushati ka theksuar se Veliaj i cili ka vjedhur miliarda b\u00ebn propagand\u00eb n\u00eb televizione dhe SPAK sot ka shkat\u00ebrruar zgjedhjet.<\/p>\n<p>\u201cKush i trim\u00ebron ata bandit\u00eb q\u00eb heqin brek\u00ebt mbrapsh ara element Balilit kur duan ta arrestojn\u00eb, ata i trim\u00ebron SPAK dhe drejt\u00ebsia e re. Sot nuk kemi m\u00eb iluzione q\u00eb drejt\u00ebsia e re \u00ebsht\u00eb nj\u00eb hanxhar p\u00ebr t\u00eb shkat\u00ebrruar opozit\u00ebn.<\/p>\n<p>K\u00ebta duan t\u00eb godasin opozit\u00ebn, pasi SPAK po merret sepse k\u00ebta jan\u00eb krer\u00ebt e opozit\u00ebs. Nano iku si hajdut me vot\u00eb popullore dhe nuk merret kush m\u00eb me t\u00eb pasi nuk i prish pun\u00eb Ram\u00ebs. Nano ka akuz\u00eb q\u00eb ka vrar\u00eb nj\u00eb person me makin\u00eb dhe e ka hedhur n\u00eb kanal dhe SPAK nuk merren me t\u00eb<\/p>\n<p>SPAK dhe drejt\u00ebsia e re jan\u00eb sqepari i Edi Ram\u00ebs. Rama n\u00eb kongresin e PS i b\u00ebri thirrje SPAK q\u00eb t\u00eb arrestonte Met\u00ebn dhe Berish\u00ebn. Linja politike e Ram\u00ebs ishte t\u00eb largonte me ligj Met\u00ebn n\u00ebp\u00ebrmjet ligjit me spiun\u00ebt dhe meq\u00eb nuk e arriti tani p\u00ebrdor SPAK p\u00ebr t\u00eb shkat\u00ebrruar zgjedhjet e ardhshme.<\/p>\n<p><span style=\"font-style: inherit; font-weight: inherit;\">Gjith\u00eb vjedhjet e Met\u00ebs nuk jan\u00eb sa nj\u00eb pages\u00eb p\u00ebr dashnoret e Veliajt. Ai q\u00eb ka bler\u00eb mediat me parat\u00eb e incenerator\u00ebt b\u00ebn propagand\u00eb i lire kjo do t\u00eb thot\u00eb fundi i SPAK\u201d, tha Bushati.<\/span><\/p>\n","protected":false},"excerpt":{"rendered":"<p>Andi Bushati \u00ebsht\u00eb shprehur ashp\u00ebr p\u00ebr m\u00ebnyr\u00ebn sesi \u00ebsht\u00eb b\u00ebr\u00eb arrestimi i Ilir Met\u00ebs. Sipas tij SPAK sot \u00ebsht\u00eb nj\u00eb hanxhar n\u00eb dor\u00ebn e Ram\u00ebs p\u00ebr t\u00eb goditur opozit\u00ebn. Bushati ka theksuar se Veliaj i cili ka vjedhur miliarda b\u00ebn propagand\u00eb n\u00eb televizione dhe SPAK sot ka shkat\u00ebrruar zgjedhjet. \u201cKush i trim\u00ebron ata bandit\u00eb q\u00eb &hellip;<\/p>\n","protected":false},"author":4,"featured_media":92258,"comment_status":"closed","ping_status":"closed","sticky":false,"template":"","format":"standard","meta":{"footnotes":""},"categories":[37],"tags":[],"class_list":["post-92257","post","type-post","status-publish","format-standard","has-post-thumbnail","","category-politike"],"_links":{"self":[{"href":"https:\/\/rdnews.al\/index.php\/wp-json\/wp\/v2\/posts\/92257","targetHints":{"allow":["GET"]}}],"collection":[{"href":"https:\/\/rdnews.al\/index.php\/wp-json\/wp\/v2\/posts"}],"about":[{"href":"https:\/\/rdnews.al\/index.php\/wp-json\/wp\/v2\/types\/post"}],"author":[{"embeddable":true,"href":"https:\/\/rdnews.al\/index.php\/wp-json\/wp\/v2\/users\/4"}],"replies":[{"embeddable":true,"href":"https:\/\/rdnews.al\/index.php\/wp-json\/wp\/v2\/comments?post=92257"}],"version-history":[{"count":3,"href":"https:\/\/rdnews.al\/index.php\/wp-json\/wp\/v2\/posts\/92257\/revisions"}],"predecessor-version":[{"id":92293,"href":"https:\/\/rdnews.al\/index.php\/wp-json\/wp\/v2\/posts\/92257\/revisions\/92293"}],"wp:featuredmedia":[{"embeddable":true,"href":"https:\/\/rdnews.al\/index.php\/wp-json\/wp\/v2\/media\/92258"}],"wp:attachment":[{"href":"https:\/\/rdnews.al\/index.php\/wp-json\/wp\/v2\/media?parent=92257"}],"wp:term":[{"taxonomy":"category","embeddable":true,"href":"https:\/\/rdnews.al\/index.php\/wp-json\/wp\/v2\/categories?post=92257"},{"taxonomy":"post_tag","embeddable":true,"href":"https:\/\/rdnews.al\/index.php\/wp-json\/wp\/v2\/tags?post=92257"}],"curies":[{"name":"wp","href":"https:\/\/api.w.org\/{rel}","templated":true}]}}