{"id":92270,"date":"2024-10-22T08:01:00","date_gmt":"2024-10-22T08:01:00","guid":{"rendered":"https:\/\/rdnews.al\/?p=92270"},"modified":"2024-10-22T08:01:00","modified_gmt":"2024-10-22T08:01:00","slug":"spak-u-po-ben-cdo-gje-per-te-mbrojtur-pronarin-e-shqiperise-edi-ramen","status":"publish","type":"post","link":"https:\/\/rdnews.al\/index.php\/2024\/10\/22\/spak-u-po-ben-cdo-gje-per-te-mbrojtur-pronarin-e-shqiperise-edi-ramen\/","title":{"rendered":"SPAK-u po b\u00ebn \u00e7do gj\u00eb p\u00ebr t\u00eb mbrojtur pronarin e Shqip\u00ebris\u00eb, Edi Ram\u00ebn"},"content":{"rendered":"<p><strong>Nga\u00a0Kim MEHMETI<\/strong><\/p>\n<p>E nxor\u00ebn zvarr\u00eb nga makina?! Si t\u00eb ishte kryebandit, vendndodhjen e t\u00eb cilit mezi e kishte zbuluar policia, e jo ish-President i shtetit, i cili me asgj\u00eb nuk la t\u00eb kuptohet se do ikte nga vendi apo do e shmangte p\u00ebrballjen me drejt\u00ebsin\u00eb.<\/p>\n<p>E Ilir Meta i sot\u00ebm, me asgj\u00eb nuk \u00ebsht\u00eb m\u00eb i ndrysh\u00ebm nga ai i dit\u00ebs kur u zgjodh President dhe kur Piktori e l\u00ebvdonte si m\u00eb t\u00eb mirin q\u00eb kurdo qoft\u00eb e ka pasur Shqip\u00ebria. P\u00ebrpos q\u00eb asokohe Piktori shpresonte se do e kishte n\u00ebn kontroll dhe se nuk do b\u00ebhej ky q\u00eb \u00ebsht\u00eb sot: armik i tij politik, i cili me asgj\u00eb nuk mund t\u00eb shantazhohet.<\/p>\n<p>Tani t\u00eb gjith\u00eb pyesin se kujt i nevojitej nj\u00eb spektak\u00ebl i till\u00eb q\u00eb u ka hije vet\u00ebm shteteve q\u00eb nuk jan\u00eb shtete, por v\u00ebllaz\u00ebri bandash? Pra, thuajse t\u00eb gjith\u00eb shtiren se nuk e din\u00eb se ky demonstrim force primitive ndodh vet\u00ebm n\u00eb vende ku policia e mbron pushtetin e jo shtetin dhe ku duhet t\u00eb shihet qart\u00eb se Shqip\u00ebria ka pasur mbret e diktator, por kurr\u00eb jo at\u00eb q\u00eb ka sot: pronarin e vet \u2013 Piktorin!<\/p>\n<p>Dhe duke qen\u00eb e till\u00eb, \u00e7do gj\u00eb n\u00eb t\u00eb, q\u00eb nga Gjykata Kushtetuese e deri te SPAK-u, e kan\u00eb p\u00ebr obligim ta mbrojn\u00eb at\u00eb nga gjith\u00eb ata q\u00eb mund ta rrezikojn\u00eb pronarin e saj &#8211; Piktorin. Si dhe t\u00eb mos lejojn\u00eb q\u00eb kushdoqoft\u00eb ta rrezikoj\u00eb \u2018aleanc\u00ebn e qelb\u00ebsirave\u2019 me p\u00ebrfaq\u00ebsuesin e saj m\u00eb t\u00eb denj\u00eb: drejtuesin e shkoll\u00ebs s\u00eb hajdut\u00ebve &#8211;\u00a0 Kryetarin e Bashkis\u00eb s\u00eb Tiran\u00ebs!<\/p>\n<p>Po pra, me k\u00ebt\u00eb spektak\u00ebl policor, Piktori ua rip\u00ebrs\u00ebriti kund\u00ebrshtar\u00ebve t\u00eb vet politik porosin\u00eb, t\u00eb cil\u00ebn vite me radh\u00eb ata assesi ta kuptojn\u00eb: se jo vet\u00ebm Shqip\u00ebrin\u00eb, por edhe shqiptar\u00ebt n\u00eb t\u00eb ai i konsideron si pengje n\u00eb duart e hajdut\u00ebve t\u00eb \u2018Rilindjes\u2019.<\/p>\n<p>Sot pra e arrestuan ish-Presidentin e Shqip\u00ebris\u00eb. Edhe at\u00eb n\u00eb mes t\u00eb rrug\u00ebs, duke e nxjerr\u00eb zvarr\u00eb nga makina, ashtu si\u00e7 nuk do veprohej as me ndonj\u00eb kryemafioz t\u00eb k\u00ebrkuar me vite. Por si\u00e7 mund t\u00eb veproj\u00eb vet\u00ebm policia e Piktorit, t\u00eb cilit askush nuk i ka treguar se ai q\u00eb n\u00eb luft\u00ebn p\u00ebr t\u2019i m\u00ebnjanuar kund\u00ebrshtar\u00ebt e vet politik e p\u00ebrdor shpat\u00ebn, ka vet\u00ebm nj\u00eb p\u00ebrpar\u00ebsi: paraprakisht e sheh vendin ku nj\u00eb dit\u00eb do rrokulliset edhe koka e tij!<\/p>\n","protected":false},"excerpt":{"rendered":"<p>Nga\u00a0Kim MEHMETI E nxor\u00ebn zvarr\u00eb nga makina?! Si t\u00eb ishte kryebandit, vendndodhjen e t\u00eb cilit mezi e kishte zbuluar policia, e jo ish-President i shtetit, i cili me asgj\u00eb nuk la t\u00eb kuptohet se do ikte nga vendi apo do e shmangte p\u00ebrballjen me drejt\u00ebsin\u00eb. E Ilir Meta i sot\u00ebm, me asgj\u00eb nuk \u00ebsht\u00eb m\u00eb &hellip;<\/p>\n","protected":false},"author":4,"featured_media":31380,"comment_status":"closed","ping_status":"closed","sticky":false,"template":"","format":"standard","meta":{"footnotes":""},"categories":[44],"tags":[],"class_list":["post-92270","post","type-post","status-publish","format-standard","has-post-thumbnail","","category-editorial"],"_links":{"self":[{"href":"https:\/\/rdnews.al\/index.php\/wp-json\/wp\/v2\/posts\/92270","targetHints":{"allow":["GET"]}}],"collection":[{"href":"https:\/\/rdnews.al\/index.php\/wp-json\/wp\/v2\/posts"}],"about":[{"href":"https:\/\/rdnews.al\/index.php\/wp-json\/wp\/v2\/types\/post"}],"author":[{"embeddable":true,"href":"https:\/\/rdnews.al\/index.php\/wp-json\/wp\/v2\/users\/4"}],"replies":[{"embeddable":true,"href":"https:\/\/rdnews.al\/index.php\/wp-json\/wp\/v2\/comments?post=92270"}],"version-history":[{"count":1,"href":"https:\/\/rdnews.al\/index.php\/wp-json\/wp\/v2\/posts\/92270\/revisions"}],"predecessor-version":[{"id":92271,"href":"https:\/\/rdnews.al\/index.php\/wp-json\/wp\/v2\/posts\/92270\/revisions\/92271"}],"wp:featuredmedia":[{"embeddable":true,"href":"https:\/\/rdnews.al\/index.php\/wp-json\/wp\/v2\/media\/31380"}],"wp:attachment":[{"href":"https:\/\/rdnews.al\/index.php\/wp-json\/wp\/v2\/media?parent=92270"}],"wp:term":[{"taxonomy":"category","embeddable":true,"href":"https:\/\/rdnews.al\/index.php\/wp-json\/wp\/v2\/categories?post=92270"},{"taxonomy":"post_tag","embeddable":true,"href":"https:\/\/rdnews.al\/index.php\/wp-json\/wp\/v2\/tags?post=92270"}],"curies":[{"name":"wp","href":"https:\/\/api.w.org\/{rel}","templated":true}]}}