{"id":92275,"date":"2024-10-22T08:18:13","date_gmt":"2024-10-22T08:18:13","guid":{"rendered":"https:\/\/rdnews.al\/?p=92275"},"modified":"2024-10-22T08:18:13","modified_gmt":"2024-10-22T08:18:13","slug":"karma-eshte-nje-romana-vllahutin-drejtesia-eshte-gje-tjeter","status":"publish","type":"post","link":"https:\/\/rdnews.al\/index.php\/2024\/10\/22\/karma-eshte-nje-romana-vllahutin-drejtesia-eshte-gje-tjeter\/","title":{"rendered":"Karma \u00ebsht\u00eb nj\u00eb \u201cRomana Vllahutin\u201d! Drejt\u00ebsia \u00ebsht\u00eb gj\u00eb tjet\u00ebr!"},"content":{"rendered":"<p><strong>Nga\u00a0Gent STRAZIMIRI<\/strong><\/p>\n<p>21 tetori ishte nj\u00eb dit\u00eb q\u00eb filloi si \u00e7do dit\u00eb tjet\u00ebr!<\/p>\n<p>Si \u00e7do dit\u00eb, u zgjuam dhe, p\u00ebrpara se t\u00eb pim\u00eb kafen e m\u00ebngjesit, i paguam me p\u00ebrpikm\u00ebri Erion Veliajt dhe &#8220;5D-s\u00eb&#8221;, 80 mij\u00eb eurot ditore t\u00eb inceneratorit t\u00eb Tiran\u00ebs, i cili nuk ekziston!<\/p>\n<p>Pastaj i paguam Yuri Kimit dhe Belinda Ballukut, 90 mij\u00eb dollar\u00ebt e p\u00ebrditsh\u00ebm t\u00eb anijeve gjenerator bangladeshase, t\u00eb ankoruara n\u00eb portin e Vlor\u00ebs, e q\u00eb gjithashtu nuk prodhojn\u00eb asgj\u00eb.<\/p>\n<p>Pastaj, d\u00ebgjuam si \u00e7do dit\u00eb, Edi Ram\u00ebn q\u00eb fliste p\u00ebr rritjen e mir\u00ebqenies pa rritur as pagat, as pensionet dhe, Erion Veliajn q\u00eb inauguronte nj\u00eb gj\u00eb \u00e7far\u00ebdo q\u00eb, ose nuk ekziston, ose \u00ebsht\u00eb inauguruar m\u00eb par\u00eb po nga ai&#8230;<\/p>\n<p>Kjo pun\u00eb, si \u00e7do dit\u00eb, deri n\u00eb drek\u00eb&#8230; deri n\u00eb or\u00ebn 14.05&#8230;<\/p>\n<p>N\u00eb or\u00ebn 14.05, mediat transmetuan lajmin dhe pamjet p\u00ebrkat\u00ebse, ku njer\u00ebz me maska dhe jelek\u00eb ku shkruhej &#8220;Policia&#8221;, godit\u00ebn dhe mor\u00ebn zvarr\u00eb, nga makina zyrtare, n\u00eb rrug\u00eb, Ilir Met\u00ebn, ish-kryeminist\u00ebr, ish &#8211; Kryetar Parlamenti, ish &#8211; President i Republik\u00ebs, person q\u00eb, me ligj, \u00ebsht\u00eb n\u00ebn ruajtje 24 or\u00eb n\u00eb dit\u00eb nga Garda e Republik\u00ebs derisa t\u00eb ket\u00eb jet\u00eb&#8230;<\/p>\n<p>Ishte trondit\u00ebse!<\/p>\n<p>Trondit\u00ebse, jo thjesht p\u00ebr faktin se si u realizua marrja me forc\u00eb e Ilir Met\u00ebs, i cili mir\u00eb ose keq, \u00ebsht\u00eb i vetmi personalitet politik q\u00eb ka sh\u00ebrbyer n\u00eb t\u00eb tri ofiqet institucionale t\u00eb shtetit n\u00eb k\u00ebto 34 vjet demokraci!<\/p>\n<p>JO!<\/p>\n<p>As p\u00ebr brutalitetin ekstrem e t\u00e7 panevojsh\u00ebm t\u00eb arrestimit, krahasuar e me arrestimin e t\u00eb shum\u00ebk\u00ebrkuarit baron t\u00eb drog\u00ebs, &#8220;Escobari i Ballkanit&#8221;, q\u00eb u shoq\u00ebrua personalisht nga Drejtori i P\u00ebrgjithsh\u00ebm i Policis\u00eb Ardi Veliu me makin\u00ebn e tij luksoze deri n\u00eb burg&#8230;<\/p>\n<p>JO!<\/p>\n<p>Trondit\u00ebs ishte fakti se pik\u00ebrisht n\u00eb or\u00ebn 14.05, nj\u00ebkoh\u00ebsisht me pamjet e keqtrajtimit t\u00eb Ilir Met\u00ebs, agjencit\u00eb e lajmeve publikuan reagimin e Romana Vllahutin, nj\u00eb hi\u00e7gj\u00eb, q\u00eb n\u00ebse e google-on, \u00e7do lajm n\u00eb mediat kroate e cil\u00ebson me fjal\u00eb dhe rrethana t\u00eb cilat un\u00eb nuk i riprodhoj dot n\u00eb k\u00ebt\u00eb shkrim, n\u00eb respekt t\u00eb opinionit publik&#8230;<\/p>\n<p>Hi\u00e7gj\u00ebja n\u00eb fjal\u00eb, madje, kishte reaguar 7 minuta m\u00eb par\u00eb se mediat shqiptare t\u00eb publikonin skandalin e t\u00ebrheqjes zvarr\u00eb t\u00eb ish-Presidentit, ish-Kryeparlamentarit, ish-Kryeministrit t\u00eb vendit, pavar\u00ebsisht se si quhet ai&#8230;<\/p>\n<p>Mu kujtua koha kur kjo hi\u00e7gj\u00ebja, l\u00ebvdonte partneritetin me Ilir Met\u00ebn dhe vizionin e tij p\u00ebr reform\u00ebn n\u00eb drejt\u00ebsi, q\u00eb do t\u00eb na pillte k\u00ebt\u00eb SPAK-un, me k\u00ebt\u00eb BKH-n\u00eb, dometh\u00ebn\u00eb k\u00ebta rruge\u00e7\u00ebrit q\u00eb japin show duke t\u00ebrhequr zvarr\u00eb n\u00eb m\u00ebnyr\u00eb t\u00eb panevoj\u00ebshme, nj\u00eb personalitet t\u00eb jet\u00ebs politike t\u00eb k\u00ebtij vendi, cilido qoft\u00eb ai.<\/p>\n<p>&#8220;Karma&#8221;, mendova dhe, n\u00eb moment m\u00eb erdhi zor nga vetja&#8230;<\/p>\n<p>\u00cbsht\u00eb e v\u00ebrtet\u00eb q\u00eb n\u00eb at\u00eb koh\u00eb kam qen\u00eb mbase nd\u00ebr deputet\u00ebt m\u00eb t\u00eb ashp\u00ebr ndaj Ilir Met\u00ebs dhe &#8220;pu\u00e7-pu\u00e7eve&#8221; t\u00eb tij me k\u00ebt\u00eb hi\u00e7gj\u00ebn\u00eb e pakrehur, q\u00eb sot k\u00ebrkon kreditet e autor\u00ebsis\u00eb s\u00eb k\u00ebsaj q\u00eb po ndodh, madje 7 minuta m\u00eb her\u00ebt se sa t\u00eb publikohej skandali&#8230;<\/p>\n<p>\u00cbsht\u00eb po ashtu e v\u00ebrtet\u00eb q\u00eb vet\u00eb Ilir Met\u00ebs i kam th\u00ebn\u00eb publikisht, n\u00eb foltore t\u00eb Kuvendit, se ajo q\u00eb quante &#8220;reform\u00eb n\u00eb drejt\u00ebsi&#8221;, ishte dh\u00ebnia n\u00eb duar t\u00eb &#8220;hi\u00e7gj\u00ebrave&#8221; si puna e k\u00ebsaj, e aparatit represiv t\u00eb shtetit dhe, se ai vet\u00eb nuk ishte i imunizuar nga ky rrezik padrejt\u00ebsie t\u00eb motivuar politikisht, megjith\u00ebse po e predikonte me hir a me pahir&#8230;<\/p>\n<p>\u00cbsht\u00eb e v\u00ebrtet\u00eb se kam qen\u00eb i bindur se &#8220;karma&#8221; \u00ebsht\u00eb aty p\u00ebr t\u00eb gjith\u00eb, p\u00ebr t\u00eb v\u00ebn\u00eb drejt\u00ebsi&#8230;<\/p>\n<p>Por si\u00e7 thot\u00eb pak a shum\u00eb shprehja e njohur: karma \u00ebsht\u00eb&#8230; &#8220;Romana Vllahutin&#8221;&#8230;<\/p>\n<p>Dhe pik\u00ebrisht p\u00ebr k\u00ebt\u00eb arsye, kjo nuk \u00ebsht\u00eb drejt\u00ebsi, edhe n\u00ebse viktima e &#8220;karm\u00ebs&#8221; \u00ebsht\u00eb vet\u00eb Ilir Meta!<\/p>\n<p>Mbaje mend k\u00ebt\u00eb edhe ti q\u00eb g\u00ebzon sot, e t&#8217;u duk se kjo q\u00eb pe \u00ebsht\u00eb e drejt\u00eb, \u00ebsht\u00eb drejt\u00ebsi, vet\u00ebm meq\u00eb nuk t\u00eb p\u00eblqen Ilir Meta&#8230;<\/p>\n<p>Kaq!<\/p>\n","protected":false},"excerpt":{"rendered":"<p>Nga\u00a0Gent STRAZIMIRI 21 tetori ishte nj\u00eb dit\u00eb q\u00eb filloi si \u00e7do dit\u00eb tjet\u00ebr! Si \u00e7do dit\u00eb, u zgjuam dhe, p\u00ebrpara se t\u00eb pim\u00eb kafen e m\u00ebngjesit, i paguam me p\u00ebrpikm\u00ebri Erion Veliajt dhe &#8220;5D-s\u00eb&#8221;, 80 mij\u00eb eurot ditore t\u00eb inceneratorit t\u00eb Tiran\u00ebs, i cili nuk ekziston! Pastaj i paguam Yuri Kimit dhe Belinda Ballukut, 90 &hellip;<\/p>\n","protected":false},"author":4,"featured_media":70796,"comment_status":"closed","ping_status":"closed","sticky":false,"template":"","format":"standard","meta":{"footnotes":""},"categories":[44],"tags":[],"class_list":["post-92275","post","type-post","status-publish","format-standard","has-post-thumbnail","","category-editorial"],"_links":{"self":[{"href":"https:\/\/rdnews.al\/index.php\/wp-json\/wp\/v2\/posts\/92275","targetHints":{"allow":["GET"]}}],"collection":[{"href":"https:\/\/rdnews.al\/index.php\/wp-json\/wp\/v2\/posts"}],"about":[{"href":"https:\/\/rdnews.al\/index.php\/wp-json\/wp\/v2\/types\/post"}],"author":[{"embeddable":true,"href":"https:\/\/rdnews.al\/index.php\/wp-json\/wp\/v2\/users\/4"}],"replies":[{"embeddable":true,"href":"https:\/\/rdnews.al\/index.php\/wp-json\/wp\/v2\/comments?post=92275"}],"version-history":[{"count":1,"href":"https:\/\/rdnews.al\/index.php\/wp-json\/wp\/v2\/posts\/92275\/revisions"}],"predecessor-version":[{"id":92276,"href":"https:\/\/rdnews.al\/index.php\/wp-json\/wp\/v2\/posts\/92275\/revisions\/92276"}],"wp:featuredmedia":[{"embeddable":true,"href":"https:\/\/rdnews.al\/index.php\/wp-json\/wp\/v2\/media\/70796"}],"wp:attachment":[{"href":"https:\/\/rdnews.al\/index.php\/wp-json\/wp\/v2\/media?parent=92275"}],"wp:term":[{"taxonomy":"category","embeddable":true,"href":"https:\/\/rdnews.al\/index.php\/wp-json\/wp\/v2\/categories?post=92275"},{"taxonomy":"post_tag","embeddable":true,"href":"https:\/\/rdnews.al\/index.php\/wp-json\/wp\/v2\/tags?post=92275"}],"curies":[{"name":"wp","href":"https:\/\/api.w.org\/{rel}","templated":true}]}}