{"id":92281,"date":"2024-10-22T08:26:22","date_gmt":"2024-10-22T08:26:22","guid":{"rendered":"https:\/\/rdnews.al\/?p=92281"},"modified":"2024-10-22T08:26:37","modified_gmt":"2024-10-22T08:26:37","slug":"terrori-ndaj-metes-blushi-skenari-per-eliminimin-fizik-te-ish-presidentit-deshtoi","status":"publish","type":"post","link":"https:\/\/rdnews.al\/index.php\/2024\/10\/22\/terrori-ndaj-metes-blushi-skenari-per-eliminimin-fizik-te-ish-presidentit-deshtoi\/","title":{"rendered":"Terrori policor ndaj Met\u00ebs, Blushi: Skenari p\u00ebr eliminimin fizik t\u00eb ish-Presidentit d\u00ebshtoi"},"content":{"rendered":"<p>Sekretari i P\u00ebrgjithsh\u00ebm i PL, Tedi Blushi ka publikuar pamjet nga momenti i arrestimit t\u00eb Ilir Met\u00ebs, dit\u00ebn e djeshme (21 Tetor) dhe shprehet se \u201cskenari p\u00ebr eliminimin fizik t\u00eb ish-Presidentit d\u00ebshtoi\u201d.<\/p>\n<p>Blushi thekon se dhuna, sipas tij, e ushtruar ndaj Met\u00ebs nuk do t\u00eb tolerohet, duke theksuar se \u201caskush nuk do t\u2019i shp\u00ebtoj\u00eb nd\u00ebshkimit sipas p\u00ebrgjegj\u00ebsive q\u00eb ka patur n\u00eb k\u00ebt\u00eb akt terrorist\u201d.<\/p>\n<p>Ai shtoi se \u201cskuadra terroriste q\u00eb mori pjes\u00eb n\u00eb rr\u00ebmbimin dhe dhunimin fizik t\u00eb tij do t\u00eb nd\u00ebshkohet pa m\u00ebshir\u00eb pavar\u00ebsisht maskave n\u00eb surrat!\u201d<\/p>\n<p>\u201cSkenari kriminal destabilizues p\u00ebr eliminimin fizik t\u00eb Presidentit Ilir Meta d\u00ebshtoi!<\/p>\n<p>Por skuadra terroriste q\u00eb mori pjes\u00eb n\u00eb rr\u00ebmbimin dhe dhunimin fizik t\u00eb tij do t\u00eb nd\u00ebshkohet pa m\u00ebshir\u00eb pavar\u00ebsisht maskave n\u00eb surrat!<\/p>\n<p>Dhuna e ushtruar, si\u00e7 provon qart\u00eb kjo video, nuk do t\u00eb tolerohet dhe kurr\u00eb nuk do t\u00eb amnistohet!<\/p>\n<p>Partia e Liris\u00eb \u00ebsht\u00eb duke mbledhur informacion p\u00ebr emrat e t\u00eb gjith\u00ebve terrorist\u00ebve q\u00eb nga dje e kan\u00eb personale me \u00e7do shqiptar t\u00eb ndersh\u00ebm dhe patriot.<\/p>\n","protected":false},"excerpt":{"rendered":"<p>Sekretari i P\u00ebrgjithsh\u00ebm i PL, Tedi Blushi ka publikuar pamjet nga momenti i arrestimit t\u00eb Ilir Met\u00ebs, dit\u00ebn e djeshme (21 Tetor) dhe shprehet se \u201cskenari p\u00ebr eliminimin fizik t\u00eb ish-Presidentit d\u00ebshtoi\u201d. Blushi thekon se dhuna, sipas tij, e ushtruar ndaj Met\u00ebs nuk do t\u00eb tolerohet, duke theksuar se \u201caskush nuk do t\u2019i shp\u00ebtoj\u00eb nd\u00ebshkimit &hellip;<\/p>\n","protected":false},"author":4,"featured_media":92282,"comment_status":"closed","ping_status":"closed","sticky":false,"template":"","format":"standard","meta":{"footnotes":""},"categories":[37],"tags":[],"class_list":["post-92281","post","type-post","status-publish","format-standard","has-post-thumbnail","","category-politike"],"_links":{"self":[{"href":"https:\/\/rdnews.al\/index.php\/wp-json\/wp\/v2\/posts\/92281","targetHints":{"allow":["GET"]}}],"collection":[{"href":"https:\/\/rdnews.al\/index.php\/wp-json\/wp\/v2\/posts"}],"about":[{"href":"https:\/\/rdnews.al\/index.php\/wp-json\/wp\/v2\/types\/post"}],"author":[{"embeddable":true,"href":"https:\/\/rdnews.al\/index.php\/wp-json\/wp\/v2\/users\/4"}],"replies":[{"embeddable":true,"href":"https:\/\/rdnews.al\/index.php\/wp-json\/wp\/v2\/comments?post=92281"}],"version-history":[{"count":2,"href":"https:\/\/rdnews.al\/index.php\/wp-json\/wp\/v2\/posts\/92281\/revisions"}],"predecessor-version":[{"id":92284,"href":"https:\/\/rdnews.al\/index.php\/wp-json\/wp\/v2\/posts\/92281\/revisions\/92284"}],"wp:featuredmedia":[{"embeddable":true,"href":"https:\/\/rdnews.al\/index.php\/wp-json\/wp\/v2\/media\/92282"}],"wp:attachment":[{"href":"https:\/\/rdnews.al\/index.php\/wp-json\/wp\/v2\/media?parent=92281"}],"wp:term":[{"taxonomy":"category","embeddable":true,"href":"https:\/\/rdnews.al\/index.php\/wp-json\/wp\/v2\/categories?post=92281"},{"taxonomy":"post_tag","embeddable":true,"href":"https:\/\/rdnews.al\/index.php\/wp-json\/wp\/v2\/tags?post=92281"}],"curies":[{"name":"wp","href":"https:\/\/api.w.org\/{rel}","templated":true}]}}