{"id":92285,"date":"2024-10-22T08:39:47","date_gmt":"2024-10-22T08:39:47","guid":{"rendered":"https:\/\/rdnews.al\/?p=92285"},"modified":"2024-10-22T08:46:52","modified_gmt":"2024-10-22T08:46:52","slug":"teliti-e-pate-se-si-u-tall-rama-me-pensionistet-angazhim-madhor-i-pd-eshte-dyfishimi-i-pensioneve-brenda-mandatit-te-pare","status":"publish","type":"post","link":"https:\/\/rdnews.al\/index.php\/2024\/10\/22\/teliti-e-pate-se-si-u-tall-rama-me-pensionistet-angazhim-madhor-i-pd-eshte-dyfishimi-i-pensioneve-brenda-mandatit-te-pare\/","title":{"rendered":"Teliti: E pat\u00eb se si u tall Rama me pensionist\u00ebt! Angazhim madhor i PD, dyfishimi i pensioneve brenda mandatit t\u00eb par\u00eb"},"content":{"rendered":"<p><strong>Deklarata e k\u00ebshilltarit p\u00ebr \u00e7\u00ebshtjet ekonomike n\u00eb PD, Dorian Teliti:<\/strong><\/p>\n<p>T\u00eb dashur qytetar\u00eb!<\/p>\n<p>Pam\u00eb se si Kryeministri, ministrat dhe z\u00ebdh\u00ebn\u00ebsit e tij zyrtar\u00eb ose jo, mundoheshin, t\u00eb justifikoheshin para shqiptar\u00ebve, dhe sidomos pensionist\u00ebve t\u00eb harruar prej tyre.<\/p>\n<p>Pam\u00eb sot sesi kreu i qeverise dhe stafi i tij na flisnin p\u00ebr arsyet e rreme t\u00eb mos rritjes sa duhet t\u00eb pensioneve, dhe p\u00ebr deficitin e skem\u00ebs s\u00eb pensioneve. 11 vite m\u00eb par\u00eb ishte i nj\u00ebjti Kryeminist\u00ebr q\u00eb na shiste si mrekulli reform\u00ebn e re t\u00eb pensioneve, q\u00eb sipas tij do zgjidhte nj\u00ebher\u00eb e p\u00ebrgjithmon\u00eb problemet e pensionist\u00ebve. Sot \u00ebsht\u00eb i gjith\u00ebpranuar d\u00ebshtimi i saj nga \u00e7do aktor i tregut, dhe nga pensionistet vet\u00eb, d\u00ebshtim t\u00eb cilin ne e paralajm\u00ebruam.<\/p>\n<p>Z. Kryeminist\u00ebr dhe ju ministra t\u00eb qeveris\u00eb shqiptare.<\/p>\n<p>Ju sot duhej t\u00eb dilnit para pensionist\u00ebve dhe t\u00eb k\u00ebrkonit t\u00eb falur, pasi n\u00eb k\u00ebto 11 vite t\u00eb qeverisjes tuaj, ndon\u00ebse \u00e7mimet jan\u00eb rritur me nga 2-3 her\u00eb, pensionet jan\u00eb rritur me pak se 30%.<\/p>\n<p>Jeni ju q\u00eb pak jav\u00eb m\u00eb par\u00eb u tallet me 790 mij\u00eb pensionist\u00eb duke u dh\u00ebn\u00eb 25 lekshin ditor, nd\u00ebrkoh\u00eb q\u00eb Kosova fqinje, me nj\u00eb qeverisje serioze i rriti pensionet 5 her\u00eb m\u00eb shum\u00eb.<\/p>\n<p>Ishit ju q\u00eb vendos\u00ebt t\u00eb rrisnit kostot e ila\u00e7eve t\u00eb pensionist\u00ebve, duke futur n\u00eb tregun vendas ila\u00e7e jo cil\u00ebsore, t\u00eb cilat p\u00ebrkthehen n\u00eb barr\u00eb shtes\u00eb p\u00ebr pensionistet.<\/p>\n<p>Ishit dhe jeni ju q\u00eb \u00e7do vit ndryshoni list\u00ebn e barnave t\u00eb rimbursueshme, duke shkaktuar q\u00eb rreth 60% e fatur\u00ebs sh\u00ebndet\u00ebsore t\u00eb paguhet nga xhepi i pensionist\u00ebve.<\/p>\n<p>Ishit ju q\u00eb rritet kostot e energjis\u00eb elektrike p\u00ebr pensionist\u00ebt, duke u treguar atyre gishtin drejt batanijes p\u00ebr tu ngrohur n\u00eb dit\u00ebt e ftohta t\u00eb dimrit.<\/p>\n<p>Ishit ju q\u00eb rritet, si kostot e furnizimit me uj\u00eb anemban\u00eb Shqip\u00ebris\u00eb dhe kostot e transportit urban.<\/p>\n<p>Ishit ju z. Kryeminist\u00ebr q\u00eb rrit\u00ebt taksat, tatimet dhe tarifat n\u00eb kurriz t\u00eb shqiptar\u00ebve dhe pensionist\u00ebve, nd\u00ebrkoh\u00eb q\u00eb parat\u00eb i d\u00ebrguat n\u00eb llogarit\u00eb e tenderimeve pa gar\u00eb, lukseve qeveritare, koncesioneve t\u00eb pak\u00ebrkuara klienteliste e korruptive dhe \u201crrug\u00ebve t\u00eb florinjta\u201d.<\/p>\n<p>Jeni ju q\u00eb mbyllni syt\u00eb shifrave t\u00eb Eurostat sipas t\u00eb cilave 46% e shqiptar\u00ebve, kryesisht pensionist\u00eb, jan\u00eb t\u00eb zhytur n\u00eb varf\u00ebri.<\/p>\n<p>Hiqni dor\u00eb nga propaganda dhe g\u00ebnjeshtrat!<\/p>\n<p>T\u00eb dashur qytetar\u00eb!<\/p>\n<p>Vendosja e minimumit jetik prej 220 eurosh \u00ebsht\u00eb sot nj\u00eb domosdoshm\u00ebri komb\u00ebtare n\u00eb luft\u00ebn ton\u00eb t\u00eb p\u00ebrbashk\u00ebt ndaj varf\u00ebris\u00eb.<\/p>\n<p>Rritja reale dhe serioze e pensioneve me objektiv dyfishimin e tyre brenda mandatit t\u00eb par\u00eb qeveris\u00ebs, \u00ebsht\u00eb angazhim madhor i Partis\u00eb Demokratike.<\/p>\n<p>Shqip\u00ebria i ka burimet dhe buxheti i shtetit i ka t\u00eb gjitha mund\u00ebsit\u00eb financiare p\u00ebr ta fituar betej\u00ebn me kafshat\u00ebn e goj\u00ebs, mjafton t\u00eb largojm\u00eb abuzuesit e taksave tuaja nga karriget qeveritare.<\/p>\n<p>Ju faleminderit!<\/p>\n","protected":false},"excerpt":{"rendered":"<p>Deklarata e k\u00ebshilltarit p\u00ebr \u00e7\u00ebshtjet ekonomike n\u00eb PD, Dorian Teliti: T\u00eb dashur qytetar\u00eb! Pam\u00eb se si Kryeministri, ministrat dhe z\u00ebdh\u00ebn\u00ebsit e tij zyrtar\u00eb ose jo, mundoheshin, t\u00eb justifikoheshin para shqiptar\u00ebve, dhe sidomos pensionist\u00ebve t\u00eb harruar prej tyre. Pam\u00eb sot sesi kreu i qeverise dhe stafi i tij na flisnin p\u00ebr arsyet e rreme t\u00eb mos &hellip;<\/p>\n","protected":false},"author":4,"featured_media":92286,"comment_status":"closed","ping_status":"closed","sticky":false,"template":"","format":"standard","meta":{"footnotes":""},"categories":[37],"tags":[],"class_list":["post-92285","post","type-post","status-publish","format-standard","has-post-thumbnail","","category-politike"],"_links":{"self":[{"href":"https:\/\/rdnews.al\/index.php\/wp-json\/wp\/v2\/posts\/92285","targetHints":{"allow":["GET"]}}],"collection":[{"href":"https:\/\/rdnews.al\/index.php\/wp-json\/wp\/v2\/posts"}],"about":[{"href":"https:\/\/rdnews.al\/index.php\/wp-json\/wp\/v2\/types\/post"}],"author":[{"embeddable":true,"href":"https:\/\/rdnews.al\/index.php\/wp-json\/wp\/v2\/users\/4"}],"replies":[{"embeddable":true,"href":"https:\/\/rdnews.al\/index.php\/wp-json\/wp\/v2\/comments?post=92285"}],"version-history":[{"count":5,"href":"https:\/\/rdnews.al\/index.php\/wp-json\/wp\/v2\/posts\/92285\/revisions"}],"predecessor-version":[{"id":92291,"href":"https:\/\/rdnews.al\/index.php\/wp-json\/wp\/v2\/posts\/92285\/revisions\/92291"}],"wp:featuredmedia":[{"embeddable":true,"href":"https:\/\/rdnews.al\/index.php\/wp-json\/wp\/v2\/media\/92286"}],"wp:attachment":[{"href":"https:\/\/rdnews.al\/index.php\/wp-json\/wp\/v2\/media?parent=92285"}],"wp:term":[{"taxonomy":"category","embeddable":true,"href":"https:\/\/rdnews.al\/index.php\/wp-json\/wp\/v2\/categories?post=92285"},{"taxonomy":"post_tag","embeddable":true,"href":"https:\/\/rdnews.al\/index.php\/wp-json\/wp\/v2\/tags?post=92285"}],"curies":[{"name":"wp","href":"https:\/\/api.w.org\/{rel}","templated":true}]}}