{"id":92297,"date":"2024-10-22T09:03:12","date_gmt":"2024-10-22T09:03:12","guid":{"rendered":"https:\/\/rdnews.al\/?p=92297"},"modified":"2024-10-22T09:03:12","modified_gmt":"2024-10-22T09:03:12","slug":"arrestimi-qe-cuditi-dhe-sigurimin-e-shtetit","status":"publish","type":"post","link":"https:\/\/rdnews.al\/index.php\/2024\/10\/22\/arrestimi-qe-cuditi-dhe-sigurimin-e-shtetit\/","title":{"rendered":"Arrestimi q\u00eb \u00e7uditi dhe Sigurimin e Shtetit!"},"content":{"rendered":"<p><strong>Nga\u00a0Ylli DYLGJERI<\/strong><\/p>\n<p>N\u00eb momentet e djeshme, kur Forcat Operacionale t\u00eb Policis\u00eb s\u00eb Shtetit t\u00ebrhiqnin dhunsh\u00ebm ish-Presidentin Meta, ish-Kryeministrin, ish&#8230; t\u00eb gjitha detyrat e larta t\u00eb shtetit t\u00eb djesh\u00ebm, u ndodha n\u00eb kafe me 2 ish-oficer\u00eb t\u00eb lart\u00eb t\u00eb Sigurimit t\u00eb Shtetit.<\/p>\n<p>Reagimi i tyre ishte befasues!<\/p>\n<p>Kjo \u00ebsht\u00eb e papranueshme.<\/p>\n<p>Pse duhet ta b\u00ebnin k\u00ebt\u00eb skenar turpi. Edhe ne p\u00ebrgatisnim skenar\u00eb m\u00eb inteligjente kur arrestonim n\u00eb diktature. &#8220;Kjo s\u2019ka lidhje me policin\u00eb n\u00eb demokraci&#8221;. &#8220;Ilir Meta \u00ebsht\u00eb person q\u00eb mbrohet me ligj t\u00eb ve\u00e7ant\u00eb&#8221;.<\/p>\n<p>&#8220;Meta nuk \u00ebsht\u00eb banditi q\u00eb e meriton k\u00ebt\u00eb arrestim&#8221;&#8230;etj.<\/p>\n<p>Zoti Minist\u00ebr i Brendsh\u00ebm!<\/p>\n<p>P\u00ebrgjigja juaj sot n\u00eb media ishte munduar t\u00eb ishte civile.<\/p>\n<p>Po arrestimi i Forcave Tuaja nuk ishte e till\u00eb. Nuk kishte Policim n\u00eb Komunitet. Kishte dhun\u00eb, dhun\u00eb, dhun\u00eb&#8230; Ju thoni se Meta kund\u00ebrshtoi arrestin dhe shfaqi dhun\u00eb ndaj policis\u00eb arrestuese!<\/p>\n<p>Nuk e pam\u00eb k\u00ebt\u00eb dhun\u00eb q\u00eb ju justifikoheni. N\u00ebse Meta shfaqi rezistenc\u00eb brenda mjetit, ne, publiku, nuk e pam\u00eb at\u00eb. Kamerat tuaja nuk e filmuan operacionin brenda mjetit, nuk ishin kujdesur p\u00ebr filmim, na dhat\u00eb vet\u00ebm dhun\u00ebn tuaj q\u00eb e t\u00ebrhiqnit zvarr\u00eb si kriminal n\u00eb autostrad\u00eb.<\/p>\n<p>Ndaj, ju treguat me dhun\u00ebn p\u00ebr her\u00eb t\u00eb dyt\u00eb brenda nj\u00eb jave se nuk mund t\u00eb siguroni nj\u00eb proces t\u00eb nes\u00ebrm zgjedhor. Ju kishit rast n\u00ebse donit t\u00eb b\u00ebnit nj\u00eb arrestim civil. POR&#8230;<\/p>\n<p>JU UDH\u00cbHIQENI NGA PASIONI I POLICIT TE FILMAVE KOLUMBIAN\u00cb.<\/p>\n<p>Ju jeni v\u00ebn\u00eb n\u00eb drejtimin e MB p\u00ebr t\u2019u djegur.<\/p>\n<p>Po! Ju flas un\u00eb ish-Sekretari i P\u00ebrgjithsh\u00ebm p\u00ebr 4 vite i Ministris\u00eb s\u00eb Rendit n\u00eb demokraci dhe sot njeri i komunikimit dhe PR. Arrestimi juaj nuk ishte civil. Kishit rast&#8230; E humb\u00ebt. E humb\u00ebt se po drejtoni si militant, jo si nj\u00eb ish-student europian i rendit. Ndaj mos akumuloni m\u00eb mllef. Ndaj mos e trashni zullumin. Kam kaluar 4 ministra t\u00eb brendsh\u00ebm un\u00eb n\u00eb detyr\u00eb e mbi 10 kryeministra. Mjaftojn\u00eb p\u00ebr t\u00eb nxjerr\u00eb konkluzione.<\/p>\n<p>Stop me dhun\u00ebn zoti minist\u00ebr&#8230; se i habite dhe shok\u00ebt e vjehrrit!<\/p>\n","protected":false},"excerpt":{"rendered":"<p>Nga\u00a0Ylli DYLGJERI N\u00eb momentet e djeshme, kur Forcat Operacionale t\u00eb Policis\u00eb s\u00eb Shtetit t\u00ebrhiqnin dhunsh\u00ebm ish-Presidentin Meta, ish-Kryeministrin, ish&#8230; t\u00eb gjitha detyrat e larta t\u00eb shtetit t\u00eb djesh\u00ebm, u ndodha n\u00eb kafe me 2 ish-oficer\u00eb t\u00eb lart\u00eb t\u00eb Sigurimit t\u00eb Shtetit. Reagimi i tyre ishte befasues! Kjo \u00ebsht\u00eb e papranueshme. Pse duhet ta b\u00ebnin k\u00ebt\u00eb &hellip;<\/p>\n","protected":false},"author":4,"featured_media":92223,"comment_status":"closed","ping_status":"closed","sticky":false,"template":"","format":"standard","meta":{"footnotes":""},"categories":[44],"tags":[],"class_list":["post-92297","post","type-post","status-publish","format-standard","has-post-thumbnail","","category-editorial"],"_links":{"self":[{"href":"https:\/\/rdnews.al\/index.php\/wp-json\/wp\/v2\/posts\/92297","targetHints":{"allow":["GET"]}}],"collection":[{"href":"https:\/\/rdnews.al\/index.php\/wp-json\/wp\/v2\/posts"}],"about":[{"href":"https:\/\/rdnews.al\/index.php\/wp-json\/wp\/v2\/types\/post"}],"author":[{"embeddable":true,"href":"https:\/\/rdnews.al\/index.php\/wp-json\/wp\/v2\/users\/4"}],"replies":[{"embeddable":true,"href":"https:\/\/rdnews.al\/index.php\/wp-json\/wp\/v2\/comments?post=92297"}],"version-history":[{"count":1,"href":"https:\/\/rdnews.al\/index.php\/wp-json\/wp\/v2\/posts\/92297\/revisions"}],"predecessor-version":[{"id":92298,"href":"https:\/\/rdnews.al\/index.php\/wp-json\/wp\/v2\/posts\/92297\/revisions\/92298"}],"wp:featuredmedia":[{"embeddable":true,"href":"https:\/\/rdnews.al\/index.php\/wp-json\/wp\/v2\/media\/92223"}],"wp:attachment":[{"href":"https:\/\/rdnews.al\/index.php\/wp-json\/wp\/v2\/media?parent=92297"}],"wp:term":[{"taxonomy":"category","embeddable":true,"href":"https:\/\/rdnews.al\/index.php\/wp-json\/wp\/v2\/categories?post=92297"},{"taxonomy":"post_tag","embeddable":true,"href":"https:\/\/rdnews.al\/index.php\/wp-json\/wp\/v2\/tags?post=92297"}],"curies":[{"name":"wp","href":"https:\/\/api.w.org\/{rel}","templated":true}]}}