{"id":92299,"date":"2024-10-22T09:09:38","date_gmt":"2024-10-22T09:09:38","guid":{"rendered":"https:\/\/rdnews.al\/?p=92299"},"modified":"2024-10-22T09:12:46","modified_gmt":"2024-10-22T09:12:46","slug":"ne-cdo-vend-do-te-quhej-kreu-i-nje-grupi-te-strukturuar-kriminal-ne-shqiperi-quhet-kryeminister","status":"publish","type":"post","link":"https:\/\/rdnews.al\/index.php\/2024\/10\/22\/ne-cdo-vend-do-te-quhej-kreu-i-nje-grupi-te-strukturuar-kriminal-ne-shqiperi-quhet-kryeminister\/","title":{"rendered":"N\u00eb \u00e7do vend do t\u00eb quhej kreu i nj\u00eb grupi t\u00eb strukturuar kriminal, n\u00eb Shqip\u00ebri quhet kryeminist\u00ebr!"},"content":{"rendered":"<div id=\"rekl-49\">Lideri i opozit\u00ebs, Sali Berisha publikoi nj\u00eb fotomontazh ku tregohen t\u00eb gjith\u00eb bandit\u00ebt me pushtet t\u00eb Edi Ram\u00ebs q\u00eb kan\u00eb r\u00ebn\u00eb n\u00eb pranga ose jan\u00eb duke u hetuar.<\/div>\n<div class=\"readmore-text-here\">\n<p>\u201cN\u00eb \u00e7do vend tjet\u00ebr t\u00eb bot\u00ebs, drejtuesi i k\u00ebtij grupimi do t\u00eb konsiderohej kreu i nj\u00eb grupi t\u00eb strukturuar kriminal. N\u00eb Shqip\u00ebri quhet kryeminist\u00ebr,\u201d thuhet n\u00eb fotomontazh.<\/p>\n<p>Prangosja e ish-deputetit t\u00eb Edi Ram\u00ebs, Jurgis \u00c7yrbja vet\u00ebm sa ekspozoi m\u00eb shum\u00eb faktin se Shqip\u00ebria sundohet nga nj\u00eb regjim kriminal.<\/p>\n<p>Akuza ndaj \u00c7yrbjes tregoi se si krimi n\u00eb Shqip\u00ebri shnd\u00ebrrohet n\u00eb vot\u00eb, nd\u00ebrkoh\u00eb q\u00eb vota shnd\u00ebrrohet n\u00eb krim.<\/p>\n<p><img decoding=\"async\" src=\"https:\/\/www.syri.net\/uploads\/syri.net\/images\/2024\/October\/22\/auto_berishaaa1729587067.jpg\" alt=\"Image\" \/><\/p>\n<\/div>\n","protected":false},"excerpt":{"rendered":"<p>Lideri i opozit\u00ebs, Sali Berisha publikoi nj\u00eb fotomontazh ku tregohen t\u00eb gjith\u00eb bandit\u00ebt me pushtet t\u00eb Edi Ram\u00ebs q\u00eb kan\u00eb r\u00ebn\u00eb n\u00eb pranga ose jan\u00eb duke u hetuar. \u201cN\u00eb \u00e7do vend tjet\u00ebr t\u00eb bot\u00ebs, drejtuesi i k\u00ebtij grupimi do t\u00eb konsiderohej kreu i nj\u00eb grupi t\u00eb strukturuar kriminal. N\u00eb Shqip\u00ebri quhet kryeminist\u00ebr,\u201d thuhet n\u00eb fotomontazh. &hellip;<\/p>\n","protected":false},"author":4,"featured_media":92302,"comment_status":"closed","ping_status":"closed","sticky":false,"template":"","format":"standard","meta":{"footnotes":""},"categories":[37],"tags":[],"class_list":["post-92299","post","type-post","status-publish","format-standard","has-post-thumbnail","","category-politike"],"_links":{"self":[{"href":"https:\/\/rdnews.al\/index.php\/wp-json\/wp\/v2\/posts\/92299","targetHints":{"allow":["GET"]}}],"collection":[{"href":"https:\/\/rdnews.al\/index.php\/wp-json\/wp\/v2\/posts"}],"about":[{"href":"https:\/\/rdnews.al\/index.php\/wp-json\/wp\/v2\/types\/post"}],"author":[{"embeddable":true,"href":"https:\/\/rdnews.al\/index.php\/wp-json\/wp\/v2\/users\/4"}],"replies":[{"embeddable":true,"href":"https:\/\/rdnews.al\/index.php\/wp-json\/wp\/v2\/comments?post=92299"}],"version-history":[{"count":1,"href":"https:\/\/rdnews.al\/index.php\/wp-json\/wp\/v2\/posts\/92299\/revisions"}],"predecessor-version":[{"id":92301,"href":"https:\/\/rdnews.al\/index.php\/wp-json\/wp\/v2\/posts\/92299\/revisions\/92301"}],"wp:featuredmedia":[{"embeddable":true,"href":"https:\/\/rdnews.al\/index.php\/wp-json\/wp\/v2\/media\/92302"}],"wp:attachment":[{"href":"https:\/\/rdnews.al\/index.php\/wp-json\/wp\/v2\/media?parent=92299"}],"wp:term":[{"taxonomy":"category","embeddable":true,"href":"https:\/\/rdnews.al\/index.php\/wp-json\/wp\/v2\/categories?post=92299"},{"taxonomy":"post_tag","embeddable":true,"href":"https:\/\/rdnews.al\/index.php\/wp-json\/wp\/v2\/tags?post=92299"}],"curies":[{"name":"wp","href":"https:\/\/api.w.org\/{rel}","templated":true}]}}