{"id":92482,"date":"2024-10-23T14:48:26","date_gmt":"2024-10-23T14:48:26","guid":{"rendered":"https:\/\/rdnews.al\/?p=92482"},"modified":"2024-10-23T16:22:39","modified_gmt":"2024-10-23T16:22:39","slug":"tre-urdherat-e-rames-per-organizaten-kriminale-spak-per-arrestimet-e-beleritsalianjit-dhe-metes","status":"publish","type":"post","link":"https:\/\/rdnews.al\/index.php\/2024\/10\/23\/tre-urdherat-e-rames-per-organizaten-kriminale-spak-per-arrestimet-e-beleritsalianjit-dhe-metes\/","title":{"rendered":"Tre urdh\u00ebrat e Ram\u00ebs p\u00ebr organizat\u00ebn kriminale SPAK p\u00ebr arrestimet e Belerit, Salianjit dhe Met\u00ebs"},"content":{"rendered":"<p>N\u00eb 2025, Edi Rama do t\u00eb organizoj\u00eb votime, jo zgjedhje. Dhe p\u00ebr k\u00ebt\u00eb po i sh\u00ebrben reforma n\u00eb drejt\u00ebsi dhe prokuror\u00ebt dhe gjyqtar\u00ebt e rinj. Kund\u00ebrshtar\u00ebt politik\u00eb tashm\u00eb jan\u00eb ose prapa hekurave, ose t\u00eb arrestuar nga policia. Dhe nd\u00ebrkoh\u00eb q\u00eb hidhen hipoteza dhe ngrihen konspiracione p\u00ebr goditjen e tyre, pamjet, me z\u00eb dhe figur\u00eb tregojn\u00eb qart\u00ebsisht se kush e ka urdh\u00ebruar burgosjen e z\u00ebrave m\u00eb t\u00eb fort\u00eb t\u00eb opozit\u00ebs.<\/p>\n<div class=\"jeg_ad jeg_ad_article jnews_content_inline_ads \">\n<div class=\"ads-wrapper align-center \">\n<div class=\"ads_code\">I pari ishte Fredi Beleri. Kur Edi Rama pa se mb\u00ebshtetja ndaj Belerit n\u00eb Himar\u00eb ishte p\u00ebrtej parashikimeve dhe se rrezikonte t\u2019i ikte nga duart bashkia e Himar\u00ebs, ai shp\u00ebrtheu n\u00eb fyerje, sharje dhe k\u00ebrc\u00ebnime t\u00eb t\u00eb gjitha llojeve. (video posht\u00eb)<\/div>\n<\/div>\n<\/div>\n<div class=\"jeg_ad jeg_ad_article jnews_content_inline_2_ads \">\n<div class=\"ads-wrapper align-center \">\n<div class=\"ads_code\">Dy net\u00eb para zgjedhjeve, Rama shkoi n\u00eb emisionin \u201cOpinion\u201d dhe e p\u00ebrs\u00ebriti fraz\u00ebn, se do merrej personalisht me njer\u00ebzit q\u00eb b\u00ebnin fushat\u00eb p\u00ebr Fredi Belerin.<\/div>\n<\/div>\n<\/div>\n<p>Nuk kaluan dy or\u00eb nga k\u00ebrc\u00ebnimi dhe n\u00eb mesnat\u00eb, Beleri u vu n\u00eb pranga nga forcat e policis\u00eb n\u00eb nj\u00eb aksion q\u00eb m\u00eb shum\u00eb i ngjau nj\u00eb rr\u00ebmbimi se nj\u00eb arrestimi.<\/p>\n<p>Tjet\u00ebr trajt\u00eb pati persekutimi i Ervin Salianjit, q\u00eb kishte denoncuar v\u00ebllain e Fatmir Xhafajt si trafikant droge.<\/p>\n<p>5 vite u sorollat deputeti dyerve t\u00eb gjykatave, dhe ishte vendimi p\u00ebrfundimtar i Apelit ai q\u00eb, p\u00ebr habin\u00eb e t\u00eb gjith\u00ebve, e mori dhe e ky\u00e7i n\u00eb qelit\u00eb e burgut t\u00eb Fierit.<\/p>\n<p>Askush n\u00eb rrethin e Salianjit, as Salianji vet\u00eb, nuk e kishte besuar se do t\u00eb mbyllej 1 vit brenda 4 mureve si kriminel. Por, Rama i kishte th\u00ebn\u00eb n\u00eb Parlament t\u00eb b\u00ebnte kujdes. (video posht\u00eb)<\/p>\n<p>Nd\u00ebrsa p\u00ebr krer\u00ebt e opozit\u00ebs s\u00eb tij, Edi Rama u shpreh shkurt, past\u00ebr dhe qart\u00eb. Ia k\u00ebrkoi SPAK-ut ti hetoj\u00eb, sepse si\u00e7 tha vet\u00eb n\u00eb pamjet m\u00eb posht\u00eb, durimi po i sosej.<\/p>\n<p>Nga kjo deklarat\u00eb e dat\u00ebs 7 maj 2022, \u00e7far\u00eb k\u00ebrkoi Rama ka ndodhur. Sali Berisha ka 10 muaj n\u00eb arrest sht\u00ebpie n\u00eb pritje t\u00eb gjyqit, Ilir Meta u rr\u00ebmbye n\u00eb mes t\u00eb dit\u00ebs me dhun\u00eb nga policia dhe ndodhet n\u00eb paraburgim.\/Lapsi<\/p>\n","protected":false},"excerpt":{"rendered":"<p>N\u00eb 2025, Edi Rama do t\u00eb organizoj\u00eb votime, jo zgjedhje. Dhe p\u00ebr k\u00ebt\u00eb po i sh\u00ebrben reforma n\u00eb drejt\u00ebsi dhe prokuror\u00ebt dhe gjyqtar\u00ebt e rinj. Kund\u00ebrshtar\u00ebt politik\u00eb tashm\u00eb jan\u00eb ose prapa hekurave, ose t\u00eb arrestuar nga policia. Dhe nd\u00ebrkoh\u00eb q\u00eb hidhen hipoteza dhe ngrihen konspiracione p\u00ebr goditjen e tyre, pamjet, me z\u00eb dhe figur\u00eb tregojn\u00eb &hellip;<\/p>\n","protected":false},"author":3,"featured_media":92483,"comment_status":"closed","ping_status":"closed","sticky":false,"template":"","format":"standard","meta":{"footnotes":""},"categories":[40],"tags":[],"class_list":["post-92482","post","type-post","status-publish","format-standard","has-post-thumbnail","","category-aktualitet"],"_links":{"self":[{"href":"https:\/\/rdnews.al\/index.php\/wp-json\/wp\/v2\/posts\/92482","targetHints":{"allow":["GET"]}}],"collection":[{"href":"https:\/\/rdnews.al\/index.php\/wp-json\/wp\/v2\/posts"}],"about":[{"href":"https:\/\/rdnews.al\/index.php\/wp-json\/wp\/v2\/types\/post"}],"author":[{"embeddable":true,"href":"https:\/\/rdnews.al\/index.php\/wp-json\/wp\/v2\/users\/3"}],"replies":[{"embeddable":true,"href":"https:\/\/rdnews.al\/index.php\/wp-json\/wp\/v2\/comments?post=92482"}],"version-history":[{"count":3,"href":"https:\/\/rdnews.al\/index.php\/wp-json\/wp\/v2\/posts\/92482\/revisions"}],"predecessor-version":[{"id":92486,"href":"https:\/\/rdnews.al\/index.php\/wp-json\/wp\/v2\/posts\/92482\/revisions\/92486"}],"wp:featuredmedia":[{"embeddable":true,"href":"https:\/\/rdnews.al\/index.php\/wp-json\/wp\/v2\/media\/92483"}],"wp:attachment":[{"href":"https:\/\/rdnews.al\/index.php\/wp-json\/wp\/v2\/media?parent=92482"}],"wp:term":[{"taxonomy":"category","embeddable":true,"href":"https:\/\/rdnews.al\/index.php\/wp-json\/wp\/v2\/categories?post=92482"},{"taxonomy":"post_tag","embeddable":true,"href":"https:\/\/rdnews.al\/index.php\/wp-json\/wp\/v2\/tags?post=92482"}],"curies":[{"name":"wp","href":"https:\/\/api.w.org\/{rel}","templated":true}]}}