{"id":92531,"date":"2024-10-23T17:58:31","date_gmt":"2024-10-23T17:58:31","guid":{"rendered":"https:\/\/rdnews.al\/?p=92531"},"modified":"2024-10-23T18:42:03","modified_gmt":"2024-10-23T18:42:03","slug":"berisha-ilir-meta-sot-i-beri-gjyqin-mercenar-dumanit-e-krajes-akuzohet-per-ligjin-qe-e-kaluan-ne-parlament-deputetet-e-rames","status":"publish","type":"post","link":"https:\/\/rdnews.al\/index.php\/2024\/10\/23\/berisha-ilir-meta-sot-i-beri-gjyqin-mercenar-dumanit-e-krajes-akuzohet-per-ligjin-qe-e-kaluan-ne-parlament-deputetet-e-rames\/","title":{"rendered":"Berisha: Ilir Meta sot i b\u00ebri gjyqin mercenar Dumanit e Kraj\u00ebs! Akuzohet p\u00ebr ligjin q\u00eb e kaluan n\u00eb parlament deputet\u00ebt e Ram\u00ebs"},"content":{"rendered":"<p>Kreu i PD, Sali Berisha n\u00eb fjal\u00ebn e tij p\u00ebrpara protestuesve \u00ebsht\u00eb shprehur se ish-presidentin, ish-kryeministrin, ish-kryetarin e Parlamentit t\u00eb cilit me urdh\u00ebr t\u00eb Edi Ram\u00ebs iu organizua pusi, me q\u00ebllim p\u00ebr ta dhunuar, zvarritur, goditur dhe arrestuar dhe n\u00eb rast kund\u00ebrshtimi p\u00ebr ta ekzekutuar.<\/p>\n<p><strong>Berisha:<\/strong> T\u00eb dashur miq!<\/p>\n<p>Sot n\u00eb gjykatat e partis\u00eb u zhvillua nj\u00eb fars\u00eb, nga m\u00eb t\u00eb turpshmet elektorale.<\/p>\n<p>Ish-presidentin, ish-kryeministrin, ish-kryetarin e Parlamentit t\u00eb cilit me urdh\u00ebr t\u00eb Edi Ram\u00ebs iu organizua pusi, me q\u00ebllim p\u00ebr ta dhunuar, zvarritur, goditur dhe arrestuar dhe n\u00eb rast kund\u00ebrshtimi p\u00ebr ta ekzekutuar.<\/p>\n<p>N\u00eb t\u00eb v\u00ebrtet\u00eb Ilir Meta n\u00eb sall\u00ebn e gjyqit, i b\u00ebri mercenar Dumanit, ish-xhelatit t\u00eb Sigurimit t\u00eb Shtetit, Arben Kraja. I b\u00ebri gjyqin organizat\u00ebs kriminale Skrapi i Partis\u00eb.<\/p>\n<p>T\u00eb dashur miq!<\/p>\n<p>E mor\u00ebt besoj vesh se cila ishte akuza ndaj Ilir Met\u00ebs. Akuza ishte se ky kishte porositur nj\u00eb vil\u00eb tek nj\u00eb biznesmen i njohur dhe vil\u00ebn e kishte anuluar po vet\u00eb, por q\u00eb sipas mercenar Dumanit, ish-xhelatit t\u00eb sigurimit Kraja, dhe Kallpit t\u00eb Skrapit, Ilir Meta bashk\u00eb me bashk\u00ebshorten paskan kaluar ligjin q\u00eb i interesonte k\u00ebtij biznesmeni p\u00ebr minierat.<\/p>\n<p>A ka tallje m\u00eb t\u00eb madhe me drejt\u00ebsin\u00eb, a ka tallje m\u00eb t\u00eb madhe me shqiptar\u00ebt, ka tallje m\u00eb t\u00eb madhe me ligjin dhe t\u00eb drejt\u00ebn.<\/p>\n<p>Po si mundet 20 vet\u00eb t\u00eb kalojn\u00eb nj\u00eb ligj n\u00eb parlament, n\u00eb nj\u00eb koh\u00eb q\u00eb ai ligj ka marr\u00eb 74 vota t\u00eb gjitha t\u00eb Edi Ram\u00ebs, t\u00eb socialist\u00ebve. Shiko sa t\u00eb paftyr\u00eb, sa llum njer\u00ebzor jan\u00eb, akuzojn\u00eb Ilir Met\u00ebn q\u00eb kishte 19 deputet, se kalove ligjin n\u00eb parlament p\u00ebr interesa t\u00eb nj\u00eb biznesmeni n\u00eb nj\u00eb koh\u00eb kur at\u00eb e votuan t\u00eb gjith\u00eb deputet\u00ebt e PS, pa t\u00eb cil\u00ebt nuk kalonte ai ligj.<\/p>\n<p>Kjo \u00ebsht\u00eb mor drejt\u00ebsia. Kjo \u00ebsht\u00eb drejt\u00ebsia e turpit, drejt\u00ebsia e organizat\u00ebs kriminale. Po si mund ti thon\u00eb shqiptar\u00ebve, a kan\u00eb fytyr\u00eb, a kan\u00eb nder.<\/p>\n<p>As nder, as moral, as fytyr\u00eb nuk kan\u00eb, k\u00ebta horra.<\/p>\n<p>Se ligjin e kaloi n\u00eb parlament jo ai q\u00eb kishte 70 deputet, por e kaloi ky q\u00eb kishte 20 deputet\u00eb.<\/p>\n<p>O primitiv\u00eb, t\u00eb paftyr\u00eb, po si mund t\u00eb shkruani gj\u00ebra t\u00eb tilla ju mor. Po i tajkaloni t\u00eb gjith\u00eb hetuesit e Sigurimit t\u00eb Shtetit. Ju tejkaloni kriminel\u00ebt kudo q\u00eb jan\u00eb.<\/p>\n<p>Kjo ishte more zot\u00ebri akuza.<\/p>\n","protected":false},"excerpt":{"rendered":"<p>Kreu i PD, Sali Berisha n\u00eb fjal\u00ebn e tij p\u00ebrpara protestuesve \u00ebsht\u00eb shprehur se ish-presidentin, ish-kryeministrin, ish-kryetarin e Parlamentit t\u00eb cilit me urdh\u00ebr t\u00eb Edi Ram\u00ebs iu organizua pusi, me q\u00ebllim p\u00ebr ta dhunuar, zvarritur, goditur dhe arrestuar dhe n\u00eb rast kund\u00ebrshtimi p\u00ebr ta ekzekutuar. Berisha: T\u00eb dashur miq! Sot n\u00eb gjykatat e partis\u00eb u &hellip;<\/p>\n","protected":false},"author":4,"featured_media":82604,"comment_status":"closed","ping_status":"closed","sticky":false,"template":"","format":"standard","meta":{"footnotes":""},"categories":[37],"tags":[],"class_list":["post-92531","post","type-post","status-publish","format-standard","has-post-thumbnail","","category-politike"],"_links":{"self":[{"href":"https:\/\/rdnews.al\/index.php\/wp-json\/wp\/v2\/posts\/92531","targetHints":{"allow":["GET"]}}],"collection":[{"href":"https:\/\/rdnews.al\/index.php\/wp-json\/wp\/v2\/posts"}],"about":[{"href":"https:\/\/rdnews.al\/index.php\/wp-json\/wp\/v2\/types\/post"}],"author":[{"embeddable":true,"href":"https:\/\/rdnews.al\/index.php\/wp-json\/wp\/v2\/users\/4"}],"replies":[{"embeddable":true,"href":"https:\/\/rdnews.al\/index.php\/wp-json\/wp\/v2\/comments?post=92531"}],"version-history":[{"count":2,"href":"https:\/\/rdnews.al\/index.php\/wp-json\/wp\/v2\/posts\/92531\/revisions"}],"predecessor-version":[{"id":92546,"href":"https:\/\/rdnews.al\/index.php\/wp-json\/wp\/v2\/posts\/92531\/revisions\/92546"}],"wp:featuredmedia":[{"embeddable":true,"href":"https:\/\/rdnews.al\/index.php\/wp-json\/wp\/v2\/media\/82604"}],"wp:attachment":[{"href":"https:\/\/rdnews.al\/index.php\/wp-json\/wp\/v2\/media?parent=92531"}],"wp:term":[{"taxonomy":"category","embeddable":true,"href":"https:\/\/rdnews.al\/index.php\/wp-json\/wp\/v2\/categories?post=92531"},{"taxonomy":"post_tag","embeddable":true,"href":"https:\/\/rdnews.al\/index.php\/wp-json\/wp\/v2\/tags?post=92531"}],"curies":[{"name":"wp","href":"https:\/\/api.w.org\/{rel}","templated":true}]}}