{"id":92581,"date":"2024-10-24T09:32:21","date_gmt":"2024-10-24T09:32:21","guid":{"rendered":"https:\/\/rdnews.al\/?p=92581"},"modified":"2024-10-24T09:32:21","modified_gmt":"2024-10-24T09:32:21","slug":"mafia-ka-rrembyer-drejtesine-qytetaret-e-thjeshte-me-te-kercenuar-se-kurre","status":"publish","type":"post","link":"https:\/\/rdnews.al\/index.php\/2024\/10\/24\/mafia-ka-rrembyer-drejtesine-qytetaret-e-thjeshte-me-te-kercenuar-se-kurre\/","title":{"rendered":"Mafia ka rr\u00ebmbyer drejtesin\u00eb, qytetar\u00ebt e thjesht\u00eb m\u00eb t\u00eb k\u00ebrc\u00ebnuar se kurr\u00eb!"},"content":{"rendered":"<p><strong>Nga Petrit VASILI<\/strong><\/p>\n<p>Ngjarja shokuese e arrestimit banditesk prej gangster\u00ebsh te Presidentit Ilir Meta ishte vula p\u00ebrfundimtare e faktit q\u00eb mafia ka tashm\u00eb ne grusht drejt\u00ebsin\u00eb pasi ka ne grusht qeverine dhe parlamentin.<\/p>\n<p>D\u00ebshtimi dhe falimentimi i turpsh\u00ebm i reform\u00ebs n\u00eb drejt\u00ebsi tashm\u00eb v\u00ebrtetohet nga Projekti Boteror per Drejt\u0113sin\u00eb ku Shqip\u00ebria renditet ne vendin e 89.<\/p>\n<p>Nd\u00ebrsa Kosova n\u00eb v\u00ebndin e 58 dhe Mali i Zi ne vendin 56.<\/p>\n<p>Me t\u00eb famshmen Drejt\u00ebsi t\u00eb re Shqip\u00ebria duhej t\u00eb ishte ne krye t\u00eb Ballkanit po se po, por edhe t\u00eb Europ\u00ebs.<\/p>\n<p>Por n\u00eb fakt jemi n\u00eb fund se drejtesia \u00ebsht\u00eb rr\u00ebmbyer nga mafia qe ka qeverine dhe kryeministrin e saj.<\/p>\n<p>Ndaj Ilir Meta dhe Sali Berisha jan\u00eb t\u00eb arrestuar sepse prishin llogarit\u00eb e mafies lokale dhe nd\u00ebrkomb\u00ebtare.<\/p>\n<p>N\u00eb k\u00ebt\u00eb republik\u00eb horrash, q\u00eb nuk njeh e respekton as kushtetut\u00eb e as ligj qytetari i thjesht\u00eb \u00ebsht\u00eb sot m\u00eb i k\u00ebrc\u00ebnuar se kurr\u00eb dhe m\u00eb i pambrojtur se kurr\u00eb nga ligji.<\/p>\n<p>Qytetari i thjesht\u00eb, prona dhe te drejtat e tij jan\u00eb sot nje gjah i leht\u00eb p\u00ebr mafien n\u00eb pushtet, e cila mund tja rr\u00ebmbej\u00eb pron\u00ebn e ta burgos\u00eb kur dhe si t\u00eb doj\u00eb sepse mafia ka n\u00eb grusht drejt\u00ebsin\u00eb.<\/p>\n<p>Ndaj rezistenca e qytetar\u00ebve \u00ebsht\u00eb i vetmi shp\u00ebtim i v\u00ebndit dhe i vatr\u00ebs s\u00eb \u00e7do qytetari.<\/p>\n","protected":false},"excerpt":{"rendered":"<p>Nga Petrit VASILI Ngjarja shokuese e arrestimit banditesk prej gangster\u00ebsh te Presidentit Ilir Meta ishte vula p\u00ebrfundimtare e faktit q\u00eb mafia ka tashm\u00eb ne grusht drejt\u00ebsin\u00eb pasi ka ne grusht qeverine dhe parlamentin. D\u00ebshtimi dhe falimentimi i turpsh\u00ebm i reform\u00ebs n\u00eb drejt\u00ebsi tashm\u00eb v\u00ebrtetohet nga Projekti Boteror per Drejt\u0113sin\u00eb ku Shqip\u00ebria renditet ne vendin e &hellip;<\/p>\n","protected":false},"author":4,"featured_media":69818,"comment_status":"closed","ping_status":"closed","sticky":false,"template":"","format":"standard","meta":{"footnotes":""},"categories":[44],"tags":[],"class_list":["post-92581","post","type-post","status-publish","format-standard","has-post-thumbnail","","category-editorial"],"_links":{"self":[{"href":"https:\/\/rdnews.al\/index.php\/wp-json\/wp\/v2\/posts\/92581","targetHints":{"allow":["GET"]}}],"collection":[{"href":"https:\/\/rdnews.al\/index.php\/wp-json\/wp\/v2\/posts"}],"about":[{"href":"https:\/\/rdnews.al\/index.php\/wp-json\/wp\/v2\/types\/post"}],"author":[{"embeddable":true,"href":"https:\/\/rdnews.al\/index.php\/wp-json\/wp\/v2\/users\/4"}],"replies":[{"embeddable":true,"href":"https:\/\/rdnews.al\/index.php\/wp-json\/wp\/v2\/comments?post=92581"}],"version-history":[{"count":1,"href":"https:\/\/rdnews.al\/index.php\/wp-json\/wp\/v2\/posts\/92581\/revisions"}],"predecessor-version":[{"id":92582,"href":"https:\/\/rdnews.al\/index.php\/wp-json\/wp\/v2\/posts\/92581\/revisions\/92582"}],"wp:featuredmedia":[{"embeddable":true,"href":"https:\/\/rdnews.al\/index.php\/wp-json\/wp\/v2\/media\/69818"}],"wp:attachment":[{"href":"https:\/\/rdnews.al\/index.php\/wp-json\/wp\/v2\/media?parent=92581"}],"wp:term":[{"taxonomy":"category","embeddable":true,"href":"https:\/\/rdnews.al\/index.php\/wp-json\/wp\/v2\/categories?post=92581"},{"taxonomy":"post_tag","embeddable":true,"href":"https:\/\/rdnews.al\/index.php\/wp-json\/wp\/v2\/tags?post=92581"}],"curies":[{"name":"wp","href":"https:\/\/api.w.org\/{rel}","templated":true}]}}