{"id":92583,"date":"2024-10-24T09:40:49","date_gmt":"2024-10-24T09:40:49","guid":{"rendered":"https:\/\/rdnews.al\/?p=92583"},"modified":"2024-10-24T09:40:49","modified_gmt":"2024-10-24T09:40:49","slug":"ursula-be-dhe-tallja-moldave","status":"publish","type":"post","link":"https:\/\/rdnews.al\/index.php\/2024\/10\/24\/ursula-be-dhe-tallja-moldave\/","title":{"rendered":"Ursula, BE dhe tallja Moldave"},"content":{"rendered":"<p><strong>Nga Julian HOXHAJ <\/strong><\/p>\n<p>Dje, shefja e Komisionit Europian Ursula Von der Leyen, nuk la fur\u00e7\u00eb pa i b\u00ebr\u00eb Ram\u00ebs. Sigurisht, n\u00eb republika &#8216;bananesh&#8217; si e jona, Ursula nuk sheh dot p\u00ebrtej humorit q\u00eb i ofron shpesh Kryeministri shqiptar n\u00eb takimet zyrtare.<\/p>\n<p>Ursula, nuk e di q\u00eb reforma e saj n\u00eb &#8216;Drejt\u00ebsi&#8217;, sot po e shnd\u00ebrron Shqip\u00ebrin\u00eb n\u00eb regjim t\u00eb ligj\u00ebruar.<\/p>\n<p>Ursula, harron statistikat e institucioneve t\u00eb saj t\u00eb varsis\u00eb, q\u00eb tregojn\u00eb n\u00eb mos shpopullimin dramatik t\u00eb Shqip\u00ebris\u00eb, s\u00eb paku nivelin e pashpjeguesh\u00ebm t\u00eb azilk\u00ebrkuesve nga vendi q\u00eb Von Der Leyen thot\u00eb se \u00ebsht\u00eb gati p\u00ebr n\u00eb Bashkimin Europian.<\/p>\n<p>Ursula s&#8217;ka si ta di mjerimin ekonomik t\u00eb familjeve shqiptare, kostot e larta p\u00ebr mjekim, arsimim, s&#8217;ka nga ta di Onkologjikun apo koncensionet e Beqajt e Manastirliut, q\u00eb sot kan\u00eb fundosur sistemin sh\u00ebndet\u00ebsor n\u00eb vend.<\/p>\n<p>Ursula nuk e kupton dot Tiran\u00ebn si lavatri\u00e7e parash, pasi ndoshta asaj, kullat e lalit dhe edit i duken si panorama e qart\u00eb e Zhvillimit. E po aty, Ursula nuk e kupton dot apo s&#8217;ka arsye t\u00eb di se sot Tirana ia kalon Monakos apo Milanos \u00e7mim p\u00ebr m2 p\u00ebr prona.<\/p>\n<p>Ursula ndoshta e ka d\u00ebgjuar apo lexuar n\u00eb ndonj\u00eb media t\u00eb vendlindjes s\u00eb saj, se \u00e7far\u00eb po i ndodh Europ\u00ebs nga p\u00ebrmbytja me drog\u0113 e krimit t\u00eb organizuar shqiptar. Por Ursula s&#8217;ka si ta di se \u00e7far\u00eb ka brenda Skyecc.gov.al aplikacionit zyrtar t\u00eb qeveris\u00eb Rama.<\/p>\n<p>Ursula, e quan sukses reform\u00ebn n\u00eb Drejt\u00ebsi, nj\u00ebjt\u00eb si Rama, se t\u00eb dy ndoshta krenohen me faktin q\u00eb Kryeministri shqiptar ka nj\u00eb kabinet e grup parlamentar apo plot kryebashkiak brenda n\u00eb qeli. Ata t\u00eb dy, Ursula dhe Rama, nuk e komentojn\u00eb dot drejt\u00ebsin\u00eb me regji, q\u00eb sot p\u00ebrdoret si arm\u00eb kund\u00ebr opozit\u00ebs.<\/p>\n<p>Fundja, Ursula propagandon zgjedhjet e lira dhe t\u00eb ndershme, por s&#8217;ka si t\u00eb analizoj\u00eb pak logjikisht arrestet politike t\u00eb liderve t\u00eb opozit\u00ebs, q\u00eb e kthejn\u00eb fush\u00ebn po t\u00eb lir\u00eb p\u00eb Ram\u00ebn. Ah po, do thon\u00eb e b\u00ebri drejt\u00ebsia!<\/p>\n<p>P.s.Tani, Ursula do duhet q\u00eb her\u00ebn tjet\u00ebr t\u00eb zhvilloj\u00eb konferenc\u00eb vet\u00ebm me gazetar\u00ebt, fundja t&#8217;i flasim pak p\u00ebr sukseset si: Incenerator\u00ebt, 5D, Sterilizimi, Check Up, etj etj pun\u00eb t\u00eb mira t\u00eb &#8216;heronjve t\u00eb f\u00ebmij\u00ebve tan\u00eb&#8217;.<\/p>\n<p>Dhe n\u00eb fund, pak dit\u00eb m\u00eb par\u00eb ata q\u00eb rrezikojn\u00eb t\u00eb ken\u00eb t\u00eb nj\u00ebjtin fat si Ukraina, u tall\u00ebn keq me BE.<\/p>\n<p>&nbsp;<\/p>\n","protected":false},"excerpt":{"rendered":"<p>Nga Julian HOXHAJ Dje, shefja e Komisionit Europian Ursula Von der Leyen, nuk la fur\u00e7\u00eb pa i b\u00ebr\u00eb Ram\u00ebs. Sigurisht, n\u00eb republika &#8216;bananesh&#8217; si e jona, Ursula nuk sheh dot p\u00ebrtej humorit q\u00eb i ofron shpesh Kryeministri shqiptar n\u00eb takimet zyrtare. Ursula, nuk e di q\u00eb reforma e saj n\u00eb &#8216;Drejt\u00ebsi&#8217;, sot po e shnd\u00ebrron &hellip;<\/p>\n","protected":false},"author":4,"featured_media":92584,"comment_status":"closed","ping_status":"closed","sticky":false,"template":"","format":"standard","meta":{"footnotes":""},"categories":[44],"tags":[],"class_list":["post-92583","post","type-post","status-publish","format-standard","has-post-thumbnail","","category-editorial"],"_links":{"self":[{"href":"https:\/\/rdnews.al\/index.php\/wp-json\/wp\/v2\/posts\/92583","targetHints":{"allow":["GET"]}}],"collection":[{"href":"https:\/\/rdnews.al\/index.php\/wp-json\/wp\/v2\/posts"}],"about":[{"href":"https:\/\/rdnews.al\/index.php\/wp-json\/wp\/v2\/types\/post"}],"author":[{"embeddable":true,"href":"https:\/\/rdnews.al\/index.php\/wp-json\/wp\/v2\/users\/4"}],"replies":[{"embeddable":true,"href":"https:\/\/rdnews.al\/index.php\/wp-json\/wp\/v2\/comments?post=92583"}],"version-history":[{"count":1,"href":"https:\/\/rdnews.al\/index.php\/wp-json\/wp\/v2\/posts\/92583\/revisions"}],"predecessor-version":[{"id":92585,"href":"https:\/\/rdnews.al\/index.php\/wp-json\/wp\/v2\/posts\/92583\/revisions\/92585"}],"wp:featuredmedia":[{"embeddable":true,"href":"https:\/\/rdnews.al\/index.php\/wp-json\/wp\/v2\/media\/92584"}],"wp:attachment":[{"href":"https:\/\/rdnews.al\/index.php\/wp-json\/wp\/v2\/media?parent=92583"}],"wp:term":[{"taxonomy":"category","embeddable":true,"href":"https:\/\/rdnews.al\/index.php\/wp-json\/wp\/v2\/categories?post=92583"},{"taxonomy":"post_tag","embeddable":true,"href":"https:\/\/rdnews.al\/index.php\/wp-json\/wp\/v2\/tags?post=92583"}],"curies":[{"name":"wp","href":"https:\/\/api.w.org\/{rel}","templated":true}]}}