{"id":92594,"date":"2024-10-24T10:21:43","date_gmt":"2024-10-24T10:21:43","guid":{"rendered":"https:\/\/rdnews.al\/?p=92594"},"modified":"2024-10-24T10:24:34","modified_gmt":"2024-10-24T10:24:34","slug":"revista-me-e-madhe-franceze-shqiperia-nje-mafiokraci-e-drejtuar-nga-rama-me-krim-dhe-korrupsion","status":"publish","type":"post","link":"https:\/\/rdnews.al\/index.php\/2024\/10\/24\/revista-me-e-madhe-franceze-shqiperia-nje-mafiokraci-e-drejtuar-nga-rama-me-krim-dhe-korrupsion\/","title":{"rendered":"Revista m\u00eb e madhe franceze: Shqip\u00ebria nj\u00eb mafiokraci e drejtuar nga Rama me krim dhe korrupsion"},"content":{"rendered":"<p><strong>Nga Marie Vaton \u201cLe nouvel Obs\u201d<\/strong><\/p>\n<p>Besmira Lekaj nuk \u00ebsht\u00eb raciste. Megjithat\u00eb, n\u00eb Lezh\u00eb, kjo aktiviste 39-vje\u00e7are \u00ebsht\u00eb p\u00ebrpjekur t\u00eb bashkoj\u00eb njer\u00ebzit kund\u00ebr \u201ck\u00ebtyre burgjeve p\u00ebr emigrant\u00ebt t\u00eb negociuara n\u00eb fsheht\u00ebsi\u201d. Por, p\u00ebrve\u00e7 nj\u00eb proteste t\u00eb shkurt\u00ebr prej disa or\u00ebsh, e cila u ndalua menj\u00ebher\u00eb nga bashkia, l\u00ebvizja e rezistenc\u00ebs nuk pati sukses. \u201cN\u00eb dhjet\u00eb vite, pushteti ka shuar opozit\u00ebn, ka mbytur shoq\u00ebrin\u00eb civile. Nepotizmi po g\u00ebrryen t\u00eb gjitha partit\u00eb. E djathta, e majta, asgj\u00eb nuk ka m\u00eb kuptim\u201d, ankohet ajo n\u00eb selin\u00eb e organizat\u00ebs s\u00eb saj, \u201cDor\u00eb m\u00eb dor\u00eb kund\u00ebr apatis\u00eb komb\u00ebtare\u201d.<\/p>\n<p>Pas m\u00eb shum\u00eb se dyzet vitesh totalitariz\u00ebm, Shqip\u00ebria duket se ka rr\u00ebshqitur n\u00eb nj\u00eb diktatur\u00eb tjet\u00ebr: nj\u00eb \u201cmafiokraci\u201d, e g\u00ebrryer nga oligark\u00ebt, krimi i organizuar dhe mediat q\u00eb jan\u00eb n\u00eb sh\u00ebrbim t\u00eb tyre. Formula \u00ebsht\u00eb e shkrimtarit Fatos Lubonja, sipas t\u00eb cilit ky marr\u00ebveshje \u00ebsht\u00eb nj\u00eb pjes\u00eb tjet\u00ebr e \u201cplatform\u00ebs gjigante t\u00eb mbeturinave\u201d q\u00eb \u00ebsht\u00eb b\u00ebr\u00eb vendi i tij, i \u201cshitur p\u00ebr interesat e Shteteve t\u00eb Bashkuara dhe Italis\u00eb\u201d. Dissidenti politik, i burgosur p\u00ebr afro nj\u00ebzet vite n\u00eb burgjet e regjimit t\u00eb Enver Hoxh\u00ebs, e njeh shum\u00eb mir\u00eb kryeministrin Edi Rama, i cili ishte nj\u00eb nga redaktor\u00ebt e revist\u00ebs s\u00eb tij \u201cP\u00ebrpjekja\u201d n\u00eb vitet 1990: \u201cE kam par\u00eb t\u00eb ndryshoj\u00eb dhe t\u00eb krijoj\u00eb nj\u00eb personazh p\u00ebr t\u00eb k\u00ebnaqur Per\u00ebndimor\u00ebt.\u201d<\/p>\n<p>Nga nj\u00ebra an\u00eb, ai \u00ebsht\u00eb nj\u00eb ikonoklast i gjithansh\u00ebm, nj\u00ebkoh\u00ebsisht artist \u2013 ka studiuar n\u00eb Beaux-Arts n\u00eb Paris \u2013 intelektual, basketbollist profesionist, fytyra kozmopolite 2.0 e Shqip\u00ebris\u00eb, rinovuesi dhe stabilizuesi i Ballkanit, ai q\u00eb i premton Antony Blinken-it, sekretarit t\u00eb Shtetit Amerikan, nj\u00eb vend t\u00eb past\u00ebr, t\u00eb liruar nga krimi dhe paraja e pist\u00eb. Nga ana tjet\u00ebr, ai \u00ebsht\u00eb klientelist, mik i Melonit, Trumpit dhe Erdoganit, q\u00eb di t\u00eb b\u00ebj\u00eb t\u00eb harrohen lidhjet e tij me Camorr\u00ebn italiane. Kur i kujtohet lista e t\u00eb af\u00ebrmve t\u00eb tij t\u00eb akuzuar p\u00ebr korrupsion ose trafik droge, duke filluar me ish-ministrin e tij t\u00eb Brendsh\u00ebm t\u00eb d\u00ebnuar n\u00eb 2022, Edi Rama p\u00ebrgjigjet se \u00ab ka derra n\u00eb \u00e7do pyll \u00bb.<\/p>\n<p>Megjithat\u00eb, derrat trajtohen mir\u00eb: ata banojn\u00eb n\u00eb burgje VIP, me kuzhin\u00eb personale dhe palest\u00ebr. Nj\u00ebmb\u00ebdhjet\u00eb vjet pas ardhjes s\u00eb Edi Ram\u00ebs n\u00eb pushtet, Shqip\u00ebria \u00ebsht\u00eb ende nj\u00eb nga vendet m\u00eb t\u00eb korruptuara n\u00eb Evrop\u00eb, sipas OJQ-s\u00eb Transparency International. Nj\u00eb narco-shtet q\u00eb po zbrazet nga popullsia e tij: q\u00eb nga r\u00ebnia e regjimit totalitar n\u00eb 1991, af\u00ebrsisht nj\u00eb milion shqiptar\u00eb, ose nj\u00eb e treta e popullsis\u00eb, kan\u00eb ikur nga papun\u00ebsia dhe paga mesatare prej 750 eurosh. Ata q\u00eb mbeten, shohin vendin e tyre duke u shitur p\u00ebr ofertat m\u00eb t\u00eb larta: Edi Rama sapo i ka dh\u00ebn\u00eb Jared Kushner-it, dh\u00ebndrit t\u00eb Donald Trump-it, nj\u00eb koncesion mbi ishullin e Sazanit, t\u00eb njohur gjithashtu si \u00ab Maldivet e Evrop\u00ebs \u00bb, p\u00ebr ta shnd\u00ebrruar at\u00eb n\u00eb nj\u00eb kompleks p\u00ebr milioner\u00ebt, me vila luksoze dhe pishina. Dhe kjo nuk \u00ebsht\u00eb e gjitha: n\u00eb 2020, ai gjithashtu dha koncesionin e portit t\u00eb Durr\u00ebsit grupit Emaar, me qend\u00ebr n\u00eb Emiratet e Bashkuara Arabe, p\u00ebr t\u00eb nd\u00ebrtuar aty nj\u00eb marin\u00eb prej 2 miliard\u00eb eurosh.<\/p>\n<p>\u00ab K\u00ebshtu \u00ebsht\u00eb me Ram\u00ebn: ai vepron dhe mendon si nj\u00eb pronar me Shqip\u00ebrin\u00eb \u00bb, thot\u00eb me trishtim Migen Qirashi, nj\u00eb aktivist i grupit t\u00eb opozit\u00ebs qytetare Civic Resistance n\u00eb Tiran\u00eb. N\u00eb kryeqytet, kullat nuk ndalen s\u00eb nd\u00ebrtuari dhe \u00e7mimet e pasurive t\u00eb paluajtshme po rriten: \u00ab Sot, nj\u00eb apartament n\u00eb Tiran\u00eb kushton m\u00eb shum\u00eb se n\u00eb Mynih, Rom\u00eb ose Lond\u00ebr \u00bb, konstaton arkitekti 37-vje\u00e7ar. Kulla kryesisht t\u00eb pabanuara, t\u00eb p\u00ebrdorura kryesisht p\u00ebr pastrim parash nga krimi dhe korrupsioni, sipas disa mediave investigative\u2026 Kjo duket se nuk shqet\u00ebson Edi Ram\u00ebn. P\u00ebr t\u00eb k\u00ebnaqur Giorgia Melonin, kryeministri shqiptar shumon p\u00ebrkuljet dhe gjestet qesharake. K\u00ebshtu, pran\u00eb portit t\u00eb Sh\u00ebngjinit \u2013 dhe burgut t\u00eb tij p\u00ebr emigrant\u00ebt \u2013 ai p\u00ebrurroi n\u00eb gusht Tratoria Meloni, nj\u00eb restorant me prodhime deti paksa t\u00eb ve\u00e7ant\u00eb, pasi \u00ebsht\u00eb i mbuluar t\u00ebr\u00ebsisht me portrete t\u00eb lideres italiane. N\u00ebp\u00ebr mure, ajo shfaqet n\u00eb t\u00eb gjitha moshat dhe n\u00eb t\u00eb gjitha pozicionet e jet\u00ebs s\u00eb saj, n\u00eb nj\u00eb homazh Warholian shum\u00eb kitsch.<\/p>\n<p><strong>\u201cLe nouvel Obs\u201d\/Lapsi.al<\/strong><\/p>\n","protected":false},"excerpt":{"rendered":"<p>Nga Marie Vaton \u201cLe nouvel Obs\u201d Besmira Lekaj nuk \u00ebsht\u00eb raciste. Megjithat\u00eb, n\u00eb Lezh\u00eb, kjo aktiviste 39-vje\u00e7are \u00ebsht\u00eb p\u00ebrpjekur t\u00eb bashkoj\u00eb njer\u00ebzit kund\u00ebr \u201ck\u00ebtyre burgjeve p\u00ebr emigrant\u00ebt t\u00eb negociuara n\u00eb fsheht\u00ebsi\u201d. Por, p\u00ebrve\u00e7 nj\u00eb proteste t\u00eb shkurt\u00ebr prej disa or\u00ebsh, e cila u ndalua menj\u00ebher\u00eb nga bashkia, l\u00ebvizja e rezistenc\u00ebs nuk pati sukses. \u201cN\u00eb dhjet\u00eb &hellip;<\/p>\n","protected":false},"author":3,"featured_media":92595,"comment_status":"closed","ping_status":"closed","sticky":false,"template":"","format":"standard","meta":{"footnotes":""},"categories":[37],"tags":[],"class_list":["post-92594","post","type-post","status-publish","format-standard","has-post-thumbnail","","category-politike"],"_links":{"self":[{"href":"https:\/\/rdnews.al\/index.php\/wp-json\/wp\/v2\/posts\/92594","targetHints":{"allow":["GET"]}}],"collection":[{"href":"https:\/\/rdnews.al\/index.php\/wp-json\/wp\/v2\/posts"}],"about":[{"href":"https:\/\/rdnews.al\/index.php\/wp-json\/wp\/v2\/types\/post"}],"author":[{"embeddable":true,"href":"https:\/\/rdnews.al\/index.php\/wp-json\/wp\/v2\/users\/3"}],"replies":[{"embeddable":true,"href":"https:\/\/rdnews.al\/index.php\/wp-json\/wp\/v2\/comments?post=92594"}],"version-history":[{"count":2,"href":"https:\/\/rdnews.al\/index.php\/wp-json\/wp\/v2\/posts\/92594\/revisions"}],"predecessor-version":[{"id":92597,"href":"https:\/\/rdnews.al\/index.php\/wp-json\/wp\/v2\/posts\/92594\/revisions\/92597"}],"wp:featuredmedia":[{"embeddable":true,"href":"https:\/\/rdnews.al\/index.php\/wp-json\/wp\/v2\/media\/92595"}],"wp:attachment":[{"href":"https:\/\/rdnews.al\/index.php\/wp-json\/wp\/v2\/media?parent=92594"}],"wp:term":[{"taxonomy":"category","embeddable":true,"href":"https:\/\/rdnews.al\/index.php\/wp-json\/wp\/v2\/categories?post=92594"},{"taxonomy":"post_tag","embeddable":true,"href":"https:\/\/rdnews.al\/index.php\/wp-json\/wp\/v2\/tags?post=92594"}],"curies":[{"name":"wp","href":"https:\/\/api.w.org\/{rel}","templated":true}]}}