{"id":92609,"date":"2024-10-24T11:14:30","date_gmt":"2024-10-24T11:14:30","guid":{"rendered":"https:\/\/rdnews.al\/?p=92609"},"modified":"2024-10-24T11:14:30","modified_gmt":"2024-10-24T11:14:30","slug":"zgjedhjet-e-2025-jane-kufiri-qe-ndan-nje-atdhe-normal-nga-shqiperia-e-boshatisur-e-rames","status":"publish","type":"post","link":"https:\/\/rdnews.al\/index.php\/2024\/10\/24\/zgjedhjet-e-2025-jane-kufiri-qe-ndan-nje-atdhe-normal-nga-shqiperia-e-boshatisur-e-rames\/","title":{"rendered":"Zgjedhjet e 2025 jan\u00eb kufiri q\u00eb ndan nj\u00eb atdhe normal nga Shqip\u00ebria e boshatisur e Ram\u00ebs!"},"content":{"rendered":"<p><strong>Deklarata e an\u00ebtarit t\u00eb kryesis\u00eb s\u00eb PD, Eno Bozdo:<\/strong><\/p>\n<p>Kur kryeministri takohet me p\u00ebrfaq\u00ebsuesit e bizneseve, si rregull flet p\u00ebr reforma ose d\u00ebgjon p\u00ebr shqet\u00ebsimet dhe problematik\u00ebn e tyre. K\u00ebt\u00eb b\u00ebjn\u00eb t\u00eb gjith\u00eb kryeministrat evropian\u00eb, madje edhe ata t\u00eb rajonit. \u00cbsht\u00eb e tep\u00ebrt t\u00eb thuash se ky nuk \u00ebsht\u00eb rasti me Ed Ram\u00ebn. Si p\u00ebr \u00e7do gj\u00eb tjet\u00ebr, k\u00ebtu ndodh e kund\u00ebrta.<\/p>\n<p>Bizneset u th\u00ebrrit\u00ebn p\u00ebr tu kritikuar dhe, sipas vet\u00eb fjal\u00ebve t\u00eb Ram\u00ebs, p\u00ebr t`i v\u00ebn\u00eb gishtin kok\u00ebs p\u00ebrpara se Inteligjenca Artificiale Qeveritare, n\u00eb bashk\u00ebpunim me dy satelit\u00ebt po aq qeveritar\u00eb, tu nxirrnin \u201clakrat sheshit\u201d t\u00eb gjith\u00eb atyre q\u00eb sabotonin ekonomin\u00eb e Shqip\u00ebris\u00eb.<\/p>\n<p>Tej satir\u00ebs, Edi Rama drejtoi gishtin nga bizneset duke i b\u00ebr\u00eb ata fajtor\u00eb pse nuk rriten pensionet n\u00eb Shqip\u00ebri, pse mungojn\u00eb kopshte dhe shkolla p\u00ebr f\u00ebmij\u00ebt, e k\u00ebshtu me radh\u00eb.<\/p>\n<p>Mesa duket Rama i konsideron p\u00ebrfaq\u00ebsuesit e biznesit si \u201cdele\u201d, dhe po aq t\u00eb till\u00eb pensionist\u00ebt dhe shqiptar\u00ebt.<\/p>\n<p>Rritja prej vet\u00ebm 4% e pensioneve n\u00eb Shqip\u00ebri \u00ebsht\u00eb fyese, edhe pse qeveria p\u00ebrgatitet p\u00ebr nj\u00eb surplus rreth 700 milion\u00eb euro n\u00eb fund t\u00eb vitit, q\u00eb ka ardhur m\u00eb s\u00eb shumti si pasoj\u00eb e rritjes s\u00eb pag\u00ebs minimale, pa u konsultuar fare me biznesin. Shumica e vendeve t\u00eb rajonit i kan\u00eb pensionet mesatare dyfishin e tonave. K\u00ebt\u00eb nuk e kan\u00eb arritur duke faj\u00ebsuar biznesin, por duke nd\u00ebrmarre reforma kund\u00ebr evazionit fiskal dhe korrupsionit.<\/p>\n<p>Shqip\u00ebria, edhe pse konsiderohet nj\u00eb vend m\u00eb ngarkes\u00eb t\u00eb lart\u00eb fiskale, \u00ebsht\u00eb e fundit n\u00eb Ballkan p\u00ebrsa i p\u00ebrket t\u00eb ardhurave t\u00eb mbledhura. Ajo realizon t\u00eb ardhura n\u00eb 27,8% t\u00eb PBB, kur Kosova shkon n\u00eb 29,3%, Maqedonia n\u00eb 31%, Serbia dhe Mali i zi n\u00eb 42%. N\u00ebse Shqip\u00ebria do t\u00eb performonte sa mesatarja e rajonit, sot do t\u00eb mblidhnim 1,8 miliard\u00eb euro m\u00eb shum\u00eb, t\u00eb mjaftueshme p\u00ebr t`i dyfishuar rrogat dhe pensionet bashk\u00eb.<\/p>\n<p>P\u00ebrgjegj\u00ebsi p\u00ebr k\u00ebt\u00eb ka vet\u00ebm qeveria, dhe jo biznesi q\u00eb th\u00ebrritet dhe telendiset \u201clive\u201d, p\u00ebr t`i hedhur shqiptar\u00ebve trut\u00eb e gomarit.<\/p>\n<p>Zgjedhja e k\u00ebsaj qeveria ka qen\u00eb e qart\u00eb qysh n\u00eb fillim, n\u00eb vitin 2014. Pasi u dyfishuan taksat, parat\u00eb avulluan n\u00eb programin e Rilindjes Urbane. N\u00eb vitin 2015 pasi ekonomia ngeci, iu kthyem mbjelljes s\u00eb kanabisit si kamerdare shp\u00ebtimi. Gjat\u00eb pandemis\u00eb Covid ishim vendi me p\u00ebrqindjen m\u00eb t\u00eb ul\u00ebt (thuajse zero) t\u00eb ndihm\u00ebs p\u00ebr ekonomin\u00eb prodhuese dhe sh\u00ebrbimet. P\u00ebr t\u00eb kaluar kriz\u00ebn e radh\u00ebs hap\u00ebm dyert p\u00ebr parat\u00eb e zeza q\u00eb u derdh\u00ebn dhe po derdhen n\u00eb \u00e7do cep t\u00eb ekonomis\u00eb. Pa\u00e7ka se euro u gremis e bashk\u00eb me t\u00eb t\u00eb gjith\u00eb eksportuesit jan\u00eb n\u00eb agoni. E gjith\u00eb kjo n\u00eb bashk\u00ebpunim t\u00eb ngusht\u00eb me krimin e organizuar!<\/p>\n<p>N\u00eb vitin 2023, p\u00ebr her\u00eb t\u00eb par\u00eb n\u00eb 30 vite, prodhimi bujq\u00ebsor dhe ai industrial sh\u00ebnuan r\u00ebnie t\u00eb ndjeshme. Shqiptar\u00ebt nuk punojm\u00eb m\u00eb k\u00ebtu dhe 1 milion\u00eb prej tyre kan\u00eb emigruar. Pra, ata q\u00eb duhet t\u00eb paguajn\u00eb sigurimet shoq\u00ebrore dhe sh\u00ebndet\u00ebsore po e b\u00ebjn\u00eb k\u00ebt\u00eb n\u00eb vendet e Evrop\u00ebs. Edhe p\u00ebr k\u00ebt\u00eb eksod biblik fajin e ka p\u00ebrs\u00ebri biznesi, jo qeveria dhe politikat e saj.<\/p>\n<p>Ajo \u00e7far\u00eb ndodhi n\u00eb sall\u00ebn e mbushur me biznese dhe qeveritar\u00eb, \u00ebsht\u00eb nj\u00eb turp q\u00eb nuk v\u00ebrehet as n\u00eb vendet e bot\u00ebs s\u00eb tret\u00eb. Jo thjesht prej g\u00ebnjeshtrave live t\u00eb qeverise dhe as hutimit n\u00eb fytyrat e biznesmen\u00ebve t\u00eb pranish\u00ebm, por sepse \u00ebsht\u00eb pjes\u00eb e nj\u00eb propagande t\u00eb shpifur, t\u00eb shp\u00eblarjes s\u00eb trurit, ku hajduti akuzon t\u00eb vjedhurin se nuk ka m\u00eb para n\u00eb xhepa, para t\u00eb cilat vet\u00eb kryehajduti \u00ebsht\u00eb kujdesur t`i vjedh\u00eb t\u00eb gjitha.<\/p>\n<p>Edi Rama k\u00ebrkon mandatin e kat\u00ebrt. E k\u00ebrkon sepse n\u00eb mendjen e tij shqiptar\u00ebt jan\u00eb dele, bizneset jan\u00eb skllev\u00ebr, pensionist\u00ebt nuk llogariten, median e ka n\u00eb xhep dhe opozit\u00ebn n\u00eb burg. Si\u00e7 tha vet\u00eb\u201c..nuk ka kush t\u00eb na ndaloj\u00eb ne t\u00eb marrim k\u00ebt\u00eb mandat\u2026\u201d<\/p>\n<p>Prandaj zgjedhjet e vitit q\u00eb vjen jan\u00eb kufiri q\u00eb ndan mund\u00ebsin\u00eb p\u00ebr nj\u00eb atdhe normal nga Shqip\u00ebria e boshatisur dhe e telendisur e Ram\u00ebs, nj\u00eb territor ku fitojn\u00eb krimi dhe hajdut\u00ebt e qeveris\u00eb.<\/p>\n<p>Nj\u00eb kabinet teknik asnjan\u00ebs, q\u00eb mund\u00ebson zgjedhje t\u00eb lira e t\u00eb ndershme, dhe q\u00eb i hap rrug\u00ebn nj\u00eb qeverie q\u00eb aktin e saj t\u00eb par\u00eb do t\u00eb ket\u00eb vendosjen e minimumit jetik dhe uljen e taksave p\u00ebr individ\u00ebt edhe bizneset.<\/p>\n","protected":false},"excerpt":{"rendered":"<p>Deklarata e an\u00ebtarit t\u00eb kryesis\u00eb s\u00eb PD, Eno Bozdo: Kur kryeministri takohet me p\u00ebrfaq\u00ebsuesit e bizneseve, si rregull flet p\u00ebr reforma ose d\u00ebgjon p\u00ebr shqet\u00ebsimet dhe problematik\u00ebn e tyre. K\u00ebt\u00eb b\u00ebjn\u00eb t\u00eb gjith\u00eb kryeministrat evropian\u00eb, madje edhe ata t\u00eb rajonit. \u00cbsht\u00eb e tep\u00ebrt t\u00eb thuash se ky nuk \u00ebsht\u00eb rasti me Ed Ram\u00ebn. Si p\u00ebr &hellip;<\/p>\n","protected":false},"author":4,"featured_media":92610,"comment_status":"closed","ping_status":"closed","sticky":false,"template":"","format":"standard","meta":{"footnotes":""},"categories":[37],"tags":[],"class_list":["post-92609","post","type-post","status-publish","format-standard","has-post-thumbnail","","category-politike"],"_links":{"self":[{"href":"https:\/\/rdnews.al\/index.php\/wp-json\/wp\/v2\/posts\/92609","targetHints":{"allow":["GET"]}}],"collection":[{"href":"https:\/\/rdnews.al\/index.php\/wp-json\/wp\/v2\/posts"}],"about":[{"href":"https:\/\/rdnews.al\/index.php\/wp-json\/wp\/v2\/types\/post"}],"author":[{"embeddable":true,"href":"https:\/\/rdnews.al\/index.php\/wp-json\/wp\/v2\/users\/4"}],"replies":[{"embeddable":true,"href":"https:\/\/rdnews.al\/index.php\/wp-json\/wp\/v2\/comments?post=92609"}],"version-history":[{"count":1,"href":"https:\/\/rdnews.al\/index.php\/wp-json\/wp\/v2\/posts\/92609\/revisions"}],"predecessor-version":[{"id":92611,"href":"https:\/\/rdnews.al\/index.php\/wp-json\/wp\/v2\/posts\/92609\/revisions\/92611"}],"wp:featuredmedia":[{"embeddable":true,"href":"https:\/\/rdnews.al\/index.php\/wp-json\/wp\/v2\/media\/92610"}],"wp:attachment":[{"href":"https:\/\/rdnews.al\/index.php\/wp-json\/wp\/v2\/media?parent=92609"}],"wp:term":[{"taxonomy":"category","embeddable":true,"href":"https:\/\/rdnews.al\/index.php\/wp-json\/wp\/v2\/categories?post=92609"},{"taxonomy":"post_tag","embeddable":true,"href":"https:\/\/rdnews.al\/index.php\/wp-json\/wp\/v2\/tags?post=92609"}],"curies":[{"name":"wp","href":"https:\/\/api.w.org\/{rel}","templated":true}]}}