{"id":92621,"date":"2024-10-24T13:13:51","date_gmt":"2024-10-24T13:13:51","guid":{"rendered":"https:\/\/rdnews.al\/?p=92621"},"modified":"2024-10-24T13:56:16","modified_gmt":"2024-10-24T13:56:16","slug":"skandali-drejtesise-politike-administratorja-e-depuzetit-nen-hetim-emerohet-gjyqtare-ne-elbasan","status":"publish","type":"post","link":"https:\/\/rdnews.al\/index.php\/2024\/10\/24\/skandali-drejtesise-politike-administratorja-e-depuzetit-nen-hetim-emerohet-gjyqtare-ne-elbasan\/","title":{"rendered":"Skandal i drejt\u00ebsis\u00eb politike, Administratorja e deputetit n\u00ebn hetim, em\u00ebrohet gjyqtare n\u00eb Elbasan"},"content":{"rendered":"<p><strong>Denoncimi i Kryetarit t\u00eb PD, Sali Berisha<\/strong><\/p>\n<p>Drejt\u00ebsia e re! Turpi i koh\u00ebs!<\/p>\n<p>\ud83d\udce9 Lexoni mesazhin e qytetarit dixhital!<\/p>\n<p>Administratorja e Plarent Ndreces emerohet Gjyqtare ne Elbasan, Ina Yzellari pa bere asnje dite pune ne jeten e saj emerohet Gjyqtare.. ne cv e saj nuk e ka shenuar qe ka qene administratore ne nje firme ligjore qe perkon si firma e hajdutit Plarent Ndreca.<\/p>\n","protected":false},"excerpt":{"rendered":"<p>Denoncimi i Kryetarit t\u00eb PD, Sali Berisha Drejt\u00ebsia e re! Turpi i koh\u00ebs! \ud83d\udce9 Lexoni mesazhin e qytetarit dixhital! Administratorja e Plarent Ndreces emerohet Gjyqtare ne Elbasan, Ina Yzellari pa bere asnje dite pune ne jeten e saj emerohet Gjyqtare.. ne cv e saj nuk e ka shenuar qe ka qene administratore ne nje firme &hellip;<\/p>\n","protected":false},"author":3,"featured_media":92628,"comment_status":"closed","ping_status":"closed","sticky":false,"template":"","format":"standard","meta":{"footnotes":""},"categories":[37],"tags":[],"class_list":["post-92621","post","type-post","status-publish","format-standard","has-post-thumbnail","","category-politike"],"_links":{"self":[{"href":"https:\/\/rdnews.al\/index.php\/wp-json\/wp\/v2\/posts\/92621","targetHints":{"allow":["GET"]}}],"collection":[{"href":"https:\/\/rdnews.al\/index.php\/wp-json\/wp\/v2\/posts"}],"about":[{"href":"https:\/\/rdnews.al\/index.php\/wp-json\/wp\/v2\/types\/post"}],"author":[{"embeddable":true,"href":"https:\/\/rdnews.al\/index.php\/wp-json\/wp\/v2\/users\/3"}],"replies":[{"embeddable":true,"href":"https:\/\/rdnews.al\/index.php\/wp-json\/wp\/v2\/comments?post=92621"}],"version-history":[{"count":4,"href":"https:\/\/rdnews.al\/index.php\/wp-json\/wp\/v2\/posts\/92621\/revisions"}],"predecessor-version":[{"id":92626,"href":"https:\/\/rdnews.al\/index.php\/wp-json\/wp\/v2\/posts\/92621\/revisions\/92626"}],"wp:featuredmedia":[{"embeddable":true,"href":"https:\/\/rdnews.al\/index.php\/wp-json\/wp\/v2\/media\/92628"}],"wp:attachment":[{"href":"https:\/\/rdnews.al\/index.php\/wp-json\/wp\/v2\/media?parent=92621"}],"wp:term":[{"taxonomy":"category","embeddable":true,"href":"https:\/\/rdnews.al\/index.php\/wp-json\/wp\/v2\/categories?post=92621"},{"taxonomy":"post_tag","embeddable":true,"href":"https:\/\/rdnews.al\/index.php\/wp-json\/wp\/v2\/tags?post=92621"}],"curies":[{"name":"wp","href":"https:\/\/api.w.org\/{rel}","templated":true}]}}