{"id":92694,"date":"2024-10-25T08:03:01","date_gmt":"2024-10-25T08:03:01","guid":{"rendered":"https:\/\/rdnews.al\/?p=92694"},"modified":"2024-10-25T08:03:01","modified_gmt":"2024-10-25T08:03:01","slug":"shpopullimi-vendet-e-punes-ne-shqiperi-po-transferohen-jashte","status":"publish","type":"post","link":"https:\/\/rdnews.al\/index.php\/2024\/10\/25\/shpopullimi-vendet-e-punes-ne-shqiperi-po-transferohen-jashte\/","title":{"rendered":"Shpopullimi\/ Vendet e pun\u00ebs n\u00eb Shqip\u00ebri po transferohen jasht\u00eb!"},"content":{"rendered":"<p>Shqip\u00ebria jo vet\u00ebm q\u00eb nuk po p\u00ebrfiton nga tendenca e nearshoring (delegimi i prodhimit n\u00eb tregje t\u00eb tjera), por p\u00ebrkundrazi dhe ato vende pune q\u00eb jan\u00eb po mbyllen e proceset po transferohen jasht\u00eb.<\/p>\n<p>Rritja e kostove t\u00eb pun\u00ebs dhe humbjet q\u00eb solli r\u00ebnia e euros b\u00ebri q\u00eb shum\u00eb fabrika q\u00eb prodhojn\u00eb n\u00eb Shqip\u00ebri veshje, k\u00ebpuc\u00eb, ushqime etj t\u00eb transferohen jasht\u00eb vendit.<\/p>\n<p>\u201c21% pun\u00ebtor\u00eb shqiptar\u00eb thon\u00eb se nj\u00eb pjes\u00eb e pun\u00ebs s\u00eb b\u00ebr\u00eb n\u00eb vendin e tyre t\u00eb pun\u00ebs \u00ebsht\u00eb zhvendosur n\u00eb nj\u00eb vendndodhje ose shtet tjet\u00ebr (14% n\u00eb Ballkanin Per\u00ebndimor dhe 16% n\u00eb BE)\u201d thuhet n\u00eb rezultatet e Anket\u00ebs Europiane p\u00ebr Aft\u00ebsit\u00eb dhe vendet e Pun\u00ebs p\u00ebr vitin 2023.<\/p>\n<p>Transferimi i vendeve t\u00eb pun\u00ebs p\u00ebr shkak t\u00eb rritjes s\u00eb kostove n\u00eb Shqip\u00ebri ishte shum\u00eb m\u00eb i lart\u00eb se n\u00eb vendet e tjera t\u00eb Ballkanit dhe t\u00eb Europ\u00ebs.<\/p>\n<p>Si\u00e7 tregon anketa, tregu i pun\u00ebs n\u00eb Shqip\u00ebri po p\u00ebrjeton nj\u00eb tranzicion t\u00eb madh. Rreth nj\u00eb e treta e pun\u00ebtor\u00ebve shqiptar\u00eb kan\u00eb p\u00ebrjetuar futjen e teknologjive t\u00eb reja digjitale n\u00eb vendin e tyre t\u00eb pun\u00ebs.<\/p>\n<p>T\u00eb anketuarit u pyet\u00ebn p\u00ebr ndryshimet q\u00eb kishin ndodhur n\u00eb vendin e tyre t\u00eb pun\u00ebs gjat\u00eb 12 muajve t\u00eb fundit p\u00ebr sa i p\u00ebrket menaxhimit, vet\u00eb pun\u00ebs, teknologjive t\u00eb reja digjitale, produkteve ose sh\u00ebrbimeve t\u00eb reja, apo zhvendosjes s\u00eb prodhimit.<\/p>\n<p>P\u00ebr shembull, rreth nj\u00eb n\u00eb tre (35%), tregojn\u00eb se jan\u00eb prezantuar teknologjit\u00eb e reja digjitale (26% n\u00eb wB5 dhe 43% n\u00eb BE). P\u00ebr m\u00eb tep\u00ebr, gati gjysma e tyre (47%) thon\u00eb se jan\u00eb zhvilluar produkte ose sh\u00ebrbime t\u00eb reja n\u00eb vendin e tyre t\u00eb pun\u00ebs (38% n\u00eb WB5 dhe 37% n\u00eb BE) dhe jan\u00eb integruar metoda t\u00eb reja t\u00eb menaxhimit (45% kundrejt 30% n\u00eb WB5 dhe 35% n\u00eb BE).<\/p>\n<p>Futja e teknologjive t\u00eb reja digjitale raportohet m\u00eb shpesh nga pun\u00ebtor\u00ebt m\u00eb t\u00eb rinj (53% e atyre t\u00eb mosh\u00ebs 25-34 vje\u00e7 kundrejt 21%-35% n\u00eb grup moshat e tjera).<\/p>\n<p>N\u00eb m\u00ebnyr\u00eb t\u00eb ngjashme, 66% e atyre n\u00eb profesione t\u00eb kualifikuara raportojn\u00eb p\u00ebr nj\u00eb ndryshim t\u00eb till\u00eb. Ndryshime t\u00eb tilla ndodh\u00ebn gjithashtu m\u00eb shpesh n\u00eb sektorin publik, arsim dhe sh\u00ebndet\u00ebsi (44%) dhe sh\u00ebrbime (42%) sesa n\u00eb bujq\u00ebsi ose industri (24%).<\/p>\n<p>Rritja e teknologjive digjitale ka transformuar ekonomin\u00eb dhe m\u00ebnyr\u00ebn se si njer\u00ebzit punojn\u00eb, duke nxitur nj\u00eb interes n\u00eb rritje p\u00ebr t\u00eb ardhmen e pun\u00ebs. Nd\u00ebrkoh\u00eb q\u00eb pasojat e digjitalizimit p\u00ebr pun\u00ebsimin kan\u00eb qen\u00eb subjekt i shum\u00eb debateve, \u00ebsht\u00eb m\u00eb pak e njohur se si digjitalizimi po ndikon n\u00eb at\u00eb q\u00eb b\u00ebjn\u00eb pun\u00ebtor\u00ebt dhe n\u00ebse dhe si zhvillimi i arsimit dhe aft\u00ebsive mund t\u2019u mund\u00ebsoj\u00eb individ\u00ebve t\u00eb p\u00ebrfitojn\u00eb, n\u00eb vend q\u00eb t\u00eb k\u00ebrc\u00ebnohen nga ndryshimi teknologjik.<\/p>\n<p>Anketa Evropiane p\u00ebr Aft\u00ebsit\u00eb dhe vendet e Pun\u00ebs1(ESJS) mbledh informacion mbi k\u00ebrkesat p\u00ebr aft\u00ebsit\u00eb dhe vendet e pun\u00ebs, mosp\u00ebrputhjet e aft\u00ebsive dhe kualifikimeve, si dhe pjes\u00ebmarrjen e pun\u00ebtor\u00ebve t\u00eb mosh\u00ebs madhore n\u00eb arsimimin dhe trajnimin e m\u00ebtejsh\u00ebm. Nj\u00eb v\u00ebmendje e ve\u00e7ant\u00eb i kushtohet edhe evidenc\u00ebs mbi ekspozimin e pun\u00ebtor\u00ebve ndaj teknologjive digjitale dhe ndikimit t\u00eb tyre n\u00eb nevojat p\u00ebr aft\u00ebsi.\/ MONITOR<\/p>\n","protected":false},"excerpt":{"rendered":"<p>Shqip\u00ebria jo vet\u00ebm q\u00eb nuk po p\u00ebrfiton nga tendenca e nearshoring (delegimi i prodhimit n\u00eb tregje t\u00eb tjera), por p\u00ebrkundrazi dhe ato vende pune q\u00eb jan\u00eb po mbyllen e proceset po transferohen jasht\u00eb. Rritja e kostove t\u00eb pun\u00ebs dhe humbjet q\u00eb solli r\u00ebnia e euros b\u00ebri q\u00eb shum\u00eb fabrika q\u00eb prodhojn\u00eb n\u00eb Shqip\u00ebri veshje, k\u00ebpuc\u00eb, &hellip;<\/p>\n","protected":false},"author":4,"featured_media":91557,"comment_status":"closed","ping_status":"closed","sticky":false,"template":"","format":"standard","meta":{"footnotes":""},"categories":[37],"tags":[],"class_list":["post-92694","post","type-post","status-publish","format-standard","has-post-thumbnail","","category-politike"],"_links":{"self":[{"href":"https:\/\/rdnews.al\/index.php\/wp-json\/wp\/v2\/posts\/92694","targetHints":{"allow":["GET"]}}],"collection":[{"href":"https:\/\/rdnews.al\/index.php\/wp-json\/wp\/v2\/posts"}],"about":[{"href":"https:\/\/rdnews.al\/index.php\/wp-json\/wp\/v2\/types\/post"}],"author":[{"embeddable":true,"href":"https:\/\/rdnews.al\/index.php\/wp-json\/wp\/v2\/users\/4"}],"replies":[{"embeddable":true,"href":"https:\/\/rdnews.al\/index.php\/wp-json\/wp\/v2\/comments?post=92694"}],"version-history":[{"count":1,"href":"https:\/\/rdnews.al\/index.php\/wp-json\/wp\/v2\/posts\/92694\/revisions"}],"predecessor-version":[{"id":92695,"href":"https:\/\/rdnews.al\/index.php\/wp-json\/wp\/v2\/posts\/92694\/revisions\/92695"}],"wp:featuredmedia":[{"embeddable":true,"href":"https:\/\/rdnews.al\/index.php\/wp-json\/wp\/v2\/media\/91557"}],"wp:attachment":[{"href":"https:\/\/rdnews.al\/index.php\/wp-json\/wp\/v2\/media?parent=92694"}],"wp:term":[{"taxonomy":"category","embeddable":true,"href":"https:\/\/rdnews.al\/index.php\/wp-json\/wp\/v2\/categories?post=92694"},{"taxonomy":"post_tag","embeddable":true,"href":"https:\/\/rdnews.al\/index.php\/wp-json\/wp\/v2\/tags?post=92694"}],"curies":[{"name":"wp","href":"https:\/\/api.w.org\/{rel}","templated":true}]}}