{"id":92722,"date":"2024-10-25T10:09:29","date_gmt":"2024-10-25T10:09:29","guid":{"rendered":"https:\/\/rdnews.al\/?p=92722"},"modified":"2024-10-25T10:09:29","modified_gmt":"2024-10-25T10:09:29","slug":"xhaferri-veliaj-duhet-te-arrestohet-drejtesia-po-godet-ne-menyre-selektive","status":"publish","type":"post","link":"https:\/\/rdnews.al\/index.php\/2024\/10\/25\/xhaferri-veliaj-duhet-te-arrestohet-drejtesia-po-godet-ne-menyre-selektive\/","title":{"rendered":"Xhaferri: Veliaj duhet t\u00eb arrestohet, drejt\u00ebsia po godet n\u00eb m\u00ebnyr\u00eb selektive"},"content":{"rendered":"<p>Kryetari i Forumit Rinor\u00eb n\u00eb Partin\u00eb Demokratike, Besart Xhaferri mbajti fjal\u00ebn e tij n\u00eb protest\u00ebn e zhvilluar p\u00ebrpara Bashkis\u00eb s\u00eb Tiran\u00eb ku b\u00ebri thirrje p\u00ebr arrestimin e menj\u00ebhersh\u00ebm t\u00eb Erion Veliajt.<\/p>\n<p>Xhaferri u shpreh se, drejt\u00ebsia n\u00eb vend \u00ebsht\u00eb n\u00ebn sundimin e Ram\u00ebs dhe se arrestimi i Veliajt \u00ebsht\u00eb i vonuar duke i l\u00ebn\u00eb koh\u00eb atij p\u00ebr t\u00eb mbuluar aferat me inceneratir\u00ebt dhe 5D.<\/p>\n<p>Ai tha se, drejt\u00ebsia e\u00a0vonuar dhe drejt\u00ebsia selektive\u00a0\u00ebsht\u00eb m\u00eb keq se mos t\u00eb ket\u00eb drejt\u00ebsi.<\/p>\n<p>\u201cJu falenderoj q\u00eb k\u00ebt\u00eb protest\u00eb arrit\u00ebm ta b\u00ebnim protest\u00ebn e 3 stin\u00ebve.<\/p>\n<p>Sot gjithashtu presim t\u00eb kemi nj\u00eb arrestim t\u00eb Erion Veliaj q\u00eb pritet nj\u00eb minut e m\u00eb par\u00eb, duhet t\u00eb jet\u00eb nj\u00eb sistem q\u00eb duhet t\u00eb shkulet nj\u00eb or\u00eb e m\u00eb par\u00eb. Megjith\u00ebse pas tre stin\u00ebsh q\u00eb koleg\u00ebt e tij t\u00eb 5D, jan\u00eb n\u00eb burg, \u00ebsht\u00eb shum\u00eb von\u00eb dhe d\u00ebmet \u00a0dhe gjurm\u00ebt q\u00eb ai mund t\u00eb ket\u00eb fshehur mund t\u00eb jen\u00eb marram\u00ebnd\u00ebse.<\/p>\n<p>Drejt\u00ebsi e vonuar dhe drejt\u00ebsi selektive \u00ebsht\u00eb m\u00eb keq se mos t\u00eb ket\u00eb drejt\u00ebsi fare. P\u00ebr fat t\u00eb keq ne jetojm\u00eb n\u00eb nj\u00eb epok\u00eb ku drejt\u00ebsia do t\u00eb godas\u00eb selektivisht ata q\u00eb kan\u00eb rrezik elektoral p\u00ebr Edi Ram\u00ebn q\u00eb jan\u00eb: Sali Berisha, Ilir Meta, Ervij Saliani.<\/p>\n<p>Do t\u00eb godasim me vones\u00eb ata q\u00eb Rama u intereson q\u00eb i heq nga funksionet, q\u00eb i diskrediton vet\u00eb p\u00ebrball\u00eb asambleve t\u00eb tija dhe m\u00eb pas t\u00eb ikin si qytetar\u00eb t\u00eb lir\u00eb.<\/p>\n<p>Altin Dumani, ke nisur nj\u00eb rrug\u00eb e cila mund ti kushtoj\u00eb shum\u00eb kombit ton\u00eb. Nuk mundet kurr t\u00eb godas\u00ebsh opozit\u00ebn dhe t\u00eb pretendosh q\u00eb pand\u00ebshkueshm\u00ebria po mbaron. Un\u00eb nuk jam avokati askujt dhe p\u00ebrgjigjet p\u00ebr dosjet q\u00eb i ke prezantuar publikut n\u00eb m\u00ebnyr\u00eb t\u00eb paligjshme, jan\u00eb dosjet m\u00eb t\u00eb diskridituar t\u00eb standartit t\u00eb policis\u00eb, q\u00eb Evropa ka par\u00eb q\u00eb pas luft\u00ebs dyt\u00eb bot\u00ebrore.<\/p>\n<p>Drejt\u00ebsia \u00ebsht\u00eb sot n\u00eb sh\u00ebrbim t\u00eb Edi Ram\u00ebs, prandaj duhet t\u00eb ngrihemi sepse ajo drejt\u00ebsi duhet t\u00eb ket\u00eb presionin\u00a0 maksimal nga sovrani i vet\u00ebm i k\u00ebtij vendi, q\u00eb jeni ju, qytetar\u00ebt\u201d, tha Xhaferri.<\/p>\n","protected":false},"excerpt":{"rendered":"<p>Kryetari i Forumit Rinor\u00eb n\u00eb Partin\u00eb Demokratike, Besart Xhaferri mbajti fjal\u00ebn e tij n\u00eb protest\u00ebn e zhvilluar p\u00ebrpara Bashkis\u00eb s\u00eb Tiran\u00eb ku b\u00ebri thirrje p\u00ebr arrestimin e menj\u00ebhersh\u00ebm t\u00eb Erion Veliajt. Xhaferri u shpreh se, drejt\u00ebsia n\u00eb vend \u00ebsht\u00eb n\u00ebn sundimin e Ram\u00ebs dhe se arrestimi i Veliajt \u00ebsht\u00eb i vonuar duke i l\u00ebn\u00eb koh\u00eb &hellip;<\/p>\n","protected":false},"author":4,"featured_media":91181,"comment_status":"closed","ping_status":"closed","sticky":false,"template":"","format":"standard","meta":{"footnotes":""},"categories":[37],"tags":[],"class_list":["post-92722","post","type-post","status-publish","format-standard","has-post-thumbnail","","category-politike"],"_links":{"self":[{"href":"https:\/\/rdnews.al\/index.php\/wp-json\/wp\/v2\/posts\/92722","targetHints":{"allow":["GET"]}}],"collection":[{"href":"https:\/\/rdnews.al\/index.php\/wp-json\/wp\/v2\/posts"}],"about":[{"href":"https:\/\/rdnews.al\/index.php\/wp-json\/wp\/v2\/types\/post"}],"author":[{"embeddable":true,"href":"https:\/\/rdnews.al\/index.php\/wp-json\/wp\/v2\/users\/4"}],"replies":[{"embeddable":true,"href":"https:\/\/rdnews.al\/index.php\/wp-json\/wp\/v2\/comments?post=92722"}],"version-history":[{"count":1,"href":"https:\/\/rdnews.al\/index.php\/wp-json\/wp\/v2\/posts\/92722\/revisions"}],"predecessor-version":[{"id":92723,"href":"https:\/\/rdnews.al\/index.php\/wp-json\/wp\/v2\/posts\/92722\/revisions\/92723"}],"wp:featuredmedia":[{"embeddable":true,"href":"https:\/\/rdnews.al\/index.php\/wp-json\/wp\/v2\/media\/91181"}],"wp:attachment":[{"href":"https:\/\/rdnews.al\/index.php\/wp-json\/wp\/v2\/media?parent=92722"}],"wp:term":[{"taxonomy":"category","embeddable":true,"href":"https:\/\/rdnews.al\/index.php\/wp-json\/wp\/v2\/categories?post=92722"},{"taxonomy":"post_tag","embeddable":true,"href":"https:\/\/rdnews.al\/index.php\/wp-json\/wp\/v2\/tags?post=92722"}],"curies":[{"name":"wp","href":"https:\/\/api.w.org\/{rel}","templated":true}]}}