{"id":92765,"date":"2024-10-25T11:55:02","date_gmt":"2024-10-25T11:55:02","guid":{"rendered":"https:\/\/rdnews.al\/?p=92765"},"modified":"2024-10-25T13:33:07","modified_gmt":"2024-10-25T13:33:07","slug":"berisha-lepires-dumani-nuk-ngre-akuze-ndaj-dhuratemadhit-edi-rama-qe-miratoi-ligjet-dhe-u-mburr-publikisht","status":"publish","type":"post","link":"https:\/\/rdnews.al\/index.php\/2024\/10\/25\/berisha-lepires-dumani-nuk-ngre-akuze-ndaj-dhuratemadhit-edi-rama-qe-miratoi-ligjet-dhe-u-mburr-publikisht\/","title":{"rendered":"Berisha: L\u00ebpir\u00ebs Dumani nuk ngre akuz\u00eb ndaj dhurat\u00ebmadhit Edi Rama q\u00eb miratoi ligjet dhe u mburr publikisht"},"content":{"rendered":"<p>Duke folur p\u00ebr akuzat ndaj Met\u00ebs, kryetari i PD, Sali Berisha tha se, l\u00ebpir\u00ebs Dumani kalon imagjinat\u00ebn e Xhorxh Oruellit, tejkalon imagjinat\u00ebn e Franc Kafk\u00ebs, tejkalon \u00e7do lloj akti me shkrim t\u00eb ish-xhelat\u00ebve t\u00eb Sigurimit t\u00eb Shtetit.<\/p>\n<p>\u201cS\u00eb pari, garantoj \u00e7do shqiptar se kurr\u00eb nuk do t\u00eb mbroja nj\u00eb akt korruptiv nga cilido q\u00eb t\u00eb ishte.<\/p>\n<p>Por, kurr\u00eb nuk pranoj dot akuza politike ndaj cilitdo qofshin ato.<\/p>\n<p>Un\u00eb do ndalem vet\u00ebm n\u00eb dy prej tyre m\u00eb kryesore.<\/p>\n<p>Si\u00e7 keni lexuar ju dhe un\u00eb, Altin Mercenari shkruan n\u00eb pa\u00e7avuren e tij se Monika Kryemadhi dhe Meta kan\u00eb favorizuar biznesmenin Shatku me nj\u00eb linj\u00eb intekonjeksioni.<\/p>\n<p>Por \u00e7far\u00eb thot\u00eb dokumenti, \u00e7far\u00eb thot\u00eb korrespondenca e Monika Kryemadhit me Shatkun?<\/p>\n<p>Zonja Kryemadhi i thot\u00eb Shatkut n\u00eb mesazh se un\u00eb e takova zotin Rama dhe e pyeta se \u00e7far\u00eb po b\u00ebn me problemin e Shatkut. Edi Rama m\u2019u p\u00ebrgjigj, b\u00ebjeni urgjent.<\/p>\n<p>Dhe Shatku ia kthen, ky \u00ebsht\u00eb lajmi m\u00eb i mir\u00eb i vitit.<\/p>\n<p>Isa, un\u00eb, ti dhe \u00e7do qytetar, n\u00eb k\u00ebt\u00eb rast kuptojm\u00eb q\u00eb ka nj\u00eb raport Kryemadhi-Shatku-Rama dhe del shum\u00eb qart\u00eb se dhurat\u00ebmadhi \u00ebsht\u00eb Rama.<\/p>\n<p>Ndaj dhe Shatku shprehet se ky \u00ebsht\u00eb lajmi i vitit p\u00ebr mua.<\/p>\n<p>Tani, a mund t\u00eb pranoj\u00eb nd\u00ebrgjegjja njer\u00ebzore nj\u00eb akuz\u00eb t\u00eb ngritur ndaj Kryemadhit dhe Met\u00ebs dhe jo ndaj Edi Ram\u00ebs, dhurat\u00ebmadhit?<\/p>\n<p>A mund t\u00eb pranosh, n\u00eb qoft\u00eb se ka korrupsion, po diskutojm\u00eb ato q\u00eb kan\u00eb dal\u00eb?<\/p>\n<p>A mund t\u00eb pranosh akuz\u00ebn p\u00ebr nj\u00eb p\u00ebrpjekje q\u00eb ka b\u00ebr\u00eb, me vendim k\u00ebta hoq\u00ebn dor\u00eb nga ajo vil\u00eb dhe nuk e mor\u00ebn.<\/p>\n<p>Hyn\u00eb n\u00eb marr\u00ebveshje me nj\u00eb biznesmen p\u00ebr nj\u00eb vil\u00eb p\u00ebr t\u2019i kaluar nj\u00eb ligj n\u00eb parlament dhe m\u00eb von\u00eb hoq\u00ebn dor\u00eb nga kjo vil\u00eb dhe ligjin ia kaluan.<\/p>\n<p>Me k\u00ebt\u00eb gj\u00eb, L\u00ebpir\u00ebs Dumani kalon imagjinat\u00ebn e Xhorxh Oruellit, tejkalon imagjinat\u00ebn e Franc Kafk\u00ebs, tejkalon \u00e7do lloj akti me shkrim t\u00eb ish-xhelat\u00ebve t\u00eb Sigurimit t\u00eb Shtetit.<\/p>\n<p>Ilir Meta dhe Kryemadhi kishin gjithsej 20 deputet\u00eb, nj\u00eb ligj nuk mund t\u00eb kaloj\u00eb kurr\u00eb p\u00ebrve\u00e7se p\u00ebr tutkun\u00eb, apo p\u00ebr Dumdumanin dhe grupin e tij kriminal n\u00eb SPAK.<\/p>\n<p>Un\u00eb e kuptoj q\u00eb ka njer\u00ebz pse thon\u00eb kaq ashp\u00ebr Berisha?<\/p>\n<p>Me k\u00ebt\u00eb akt ata kan\u00eb fyer \u00e7do shqiptar, kan\u00eb p\u00ebrdhosur Kushtetut\u00eb, parlament dhe \u00e7do gj\u00eb tjet\u00ebr.<\/p>\n<p>Nj\u00eb njeri me 20 deputet\u00eb nuk mund t\u00eb kaloj\u00eb kurr\u00eb nj\u00eb ligj n\u00eb parlament, ligjin e kalon ai q\u00eb ka shumic\u00ebn n\u00eb parlament.<\/p>\n<p>Ai q\u00eb ka shumic\u00ebn quhet Edi Rama, por L\u00ebpir\u00ebs Dumani \u00ebsht\u00eb i gatsh\u00ebm t\u00eb l\u00ebpij\u00eb edhe k\u00ebpuc\u00ebt e tij dhe t\u00eb shp\u00ebrfytyrohet n\u00eb nj\u00eb shkall\u00eb t\u00eb till\u00eb para shqiptar\u00ebve dhe jo ta pyes\u00eb at\u00eb.<\/p>\n<p>\u00c7far\u00eb thot\u00eb Edi Rama p\u00ebr k\u00ebt\u00eb ligj? Me dat\u00ebn 9 tetor t\u00eb vitit 2014, Edi Rama e quan k\u00ebt\u00eb ligj, ligj epokal p\u00ebr minierat dhe thot\u00eb se nuk \u00ebsht\u00eb nj\u00eb ligj dosido, por nj\u00eb ligj strategjik q\u00eb ndan epokat.<\/p>\n<p>Tani, kujt t\u2019i besoj un\u00eb, Edi Ram\u00ebs q\u00eb thot\u00eb se ligji q\u00eb e k\u00ebrkon biznesmeni ndan epokat, apo t\u2019i besoj Altin Dumanit q\u00eb akuzon p\u00ebr korrupsion p\u00ebr k\u00ebt\u00eb ligj q\u00eb kaloi, se ai nuk mund ta kalonte me 20 deputet\u00eb, Ilir Met\u00ebn?<\/p>\n<p>S\u00eb fundmi, Altin Dumani, Edi Rama dhe bastardi i Enver Hoxh\u00ebs me trafikantin Ilir Shullazi jan\u00eb p\u00ebrgjegj\u00ebsit kryesor\u00eb p\u00ebr aktin m\u00eb t\u00eb sh\u00ebmtuar n\u00eb historin\u00eb e k\u00ebtij shteti n\u00eb 32 vitet e fundit dhe n\u00eb historin\u00eb e Europ\u00ebs, pusin\u00eb, goditjen, zvarritjen, rr\u00ebmbimin brutal t\u00eb nj\u00eb qytetari n\u00eb hetim, t\u00eb nj\u00eb ish-kryeministri, ish-presidenti, ish-kryetar parlamenti, vet\u00ebm p\u00ebr urrejtjen e Edi Ram\u00ebs.<\/p>\n<p>M\u00eb thon\u00eb se Edi Rama i konfirmoi nj\u00eb kolegu tuaj, q\u00eb e ka shum\u00eb p\u00ebr zem\u00ebr, se e b\u00ebra, nuk mund t\u00eb mos e b\u00ebja at\u00eb kund\u00ebr Ilir Met\u00ebs.<\/p>\n<p>Un\u00eb i them, turpi t\u00eb mbuloft\u00eb, faqezi, tregove se je bastard i babait t\u00ebnd xhelat q\u00eb urdh\u00ebronte varjen e kund\u00ebrshtar\u00ebve politik\u00eb p\u00ebr mendimet ndryshe dhe vargjet e tij\u201d, u shpreh Berisha.<\/p>\n","protected":false},"excerpt":{"rendered":"<p>Duke folur p\u00ebr akuzat ndaj Met\u00ebs, kryetari i PD, Sali Berisha tha se, l\u00ebpir\u00ebs Dumani kalon imagjinat\u00ebn e Xhorxh Oruellit, tejkalon imagjinat\u00ebn e Franc Kafk\u00ebs, tejkalon \u00e7do lloj akti me shkrim t\u00eb ish-xhelat\u00ebve t\u00eb Sigurimit t\u00eb Shtetit. \u201cS\u00eb pari, garantoj \u00e7do shqiptar se kurr\u00eb nuk do t\u00eb mbroja nj\u00eb akt korruptiv nga cilido q\u00eb t\u00eb &hellip;<\/p>\n","protected":false},"author":4,"featured_media":92747,"comment_status":"closed","ping_status":"closed","sticky":false,"template":"","format":"standard","meta":{"footnotes":""},"categories":[37],"tags":[],"class_list":["post-92765","post","type-post","status-publish","format-standard","has-post-thumbnail","","category-politike"],"_links":{"self":[{"href":"https:\/\/rdnews.al\/index.php\/wp-json\/wp\/v2\/posts\/92765","targetHints":{"allow":["GET"]}}],"collection":[{"href":"https:\/\/rdnews.al\/index.php\/wp-json\/wp\/v2\/posts"}],"about":[{"href":"https:\/\/rdnews.al\/index.php\/wp-json\/wp\/v2\/types\/post"}],"author":[{"embeddable":true,"href":"https:\/\/rdnews.al\/index.php\/wp-json\/wp\/v2\/users\/4"}],"replies":[{"embeddable":true,"href":"https:\/\/rdnews.al\/index.php\/wp-json\/wp\/v2\/comments?post=92765"}],"version-history":[{"count":2,"href":"https:\/\/rdnews.al\/index.php\/wp-json\/wp\/v2\/posts\/92765\/revisions"}],"predecessor-version":[{"id":92773,"href":"https:\/\/rdnews.al\/index.php\/wp-json\/wp\/v2\/posts\/92765\/revisions\/92773"}],"wp:featuredmedia":[{"embeddable":true,"href":"https:\/\/rdnews.al\/index.php\/wp-json\/wp\/v2\/media\/92747"}],"wp:attachment":[{"href":"https:\/\/rdnews.al\/index.php\/wp-json\/wp\/v2\/media?parent=92765"}],"wp:term":[{"taxonomy":"category","embeddable":true,"href":"https:\/\/rdnews.al\/index.php\/wp-json\/wp\/v2\/categories?post=92765"},{"taxonomy":"post_tag","embeddable":true,"href":"https:\/\/rdnews.al\/index.php\/wp-json\/wp\/v2\/tags?post=92765"}],"curies":[{"name":"wp","href":"https:\/\/api.w.org\/{rel}","templated":true}]}}