{"id":92802,"date":"2024-10-25T16:48:46","date_gmt":"2024-10-25T16:48:46","guid":{"rendered":"https:\/\/rdnews.al\/?p=92802"},"modified":"2024-10-25T16:48:46","modified_gmt":"2024-10-25T16:48:46","slug":"alafmi-i-radio-france-rama-po-instalon-diktaturen-ne-shqiperi","status":"publish","type":"post","link":"https:\/\/rdnews.al\/index.php\/2024\/10\/25\/alafmi-i-radio-france-rama-po-instalon-diktaturen-ne-shqiperi\/","title":{"rendered":"Alafmi i Radio France: Rama po instalon diktatur\u00ebn n\u00eb Shqip\u00ebri"},"content":{"rendered":"<p>Aleksandar Vu\u00e7i\u00e7 nuk mori pjes\u00eb n\u00eb Samitin e BRICS n\u00eb Kazan, por d\u00ebrgoi kat\u00ebr p\u00ebrfaq\u00ebsues, p\u00ebrfshir\u00eb ministrin e Mbrojtjes Bratislav Gashiq. Nj\u00eb m\u00ebnyr\u00eb p\u00ebr t\u00eb treguar se Beogradi vazhdon t\u00eb mbaj\u00eb lidhje t\u00eb privilegjuara me Mosk\u00ebn, por se interesat e tij ka m\u00eb shum\u00eb gjasa t\u00eb gjenden n\u00eb Bruksel?<\/p>\n<p>Koincidenc\u00eb e kalendarit? N\u00eb t\u00eb nj\u00ebjt\u00ebn koh\u00eb, Ursula von der Leyen p\u00ebrfundoi nj\u00eb turne n\u00eb Ballkan. Pas Shqip\u00ebris\u00eb, Maqedonis\u00eb s\u00eb Veriut dhe Bosnje-Hercegovin\u00ebs, pritej n\u00eb Serbi dhe Kosov\u00eb. Por a \u00ebsht\u00eb zgjerimi europian ende nj\u00eb prioritet? Dosja.<\/p>\n<p><strong>Sfida moldave<\/strong><\/p>\n<p>N\u00eb Moldavi, edhe nj\u00eb her\u00eb diaspora b\u00ebri diferenc\u00ebn. Ishte fal\u00eb vot\u00ebs s\u00eb 200,000 moldav\u00ebve jasht\u00eb vendit q\u00eb vota &#8220;po&#8221; fitoi ngusht\u00eb (50.4%) n\u00eb referendumin e 20 tetorit p\u00ebr an\u00ebtar\u00ebsimin n\u00eb Bashkimin Europian. P\u00ebr zgjedhjet presidenciale, Maia Sandu \u00ebsht\u00eb n\u00eb krye me m\u00eb shum\u00eb se 42% t\u00eb votave, por raundi i dyt\u00eb premton t\u00eb jet\u00eb i ngusht\u00eb.<\/p>\n<p>Pro ose kund\u00ebr Bashkimit Europian, kjo ishte v\u00ebrtet sfida e zgjedhjeve t\u00eb dyfishta t\u00eb 20 tetorit n\u00eb Moldavi, nd\u00ebrkoh\u00eb q\u00eb lufta n\u00eb Ukrain\u00eb \u00ebsht\u00eb shum\u00eb af\u00ebr. Brukseli e ka kuptuar mir\u00eb k\u00ebt\u00eb dhe po shton premtimet e tij, por Kremlini ka nxjerr\u00eb edhe artilerin\u00eb e r\u00ebnd\u00eb n\u00eb p\u00ebrpjekje p\u00ebr t\u00eb ndikuar n\u00eb vota.<\/p>\n<p>N\u00eb Bullgari, votuesit thirren s\u00ebrish n\u00eb kutit\u00eb e votimit k\u00ebt\u00eb t\u00eb diel, p\u00ebr zgjedhjet e shtata t\u00eb parakohshme legjislative n\u00eb tre vjet! K\u00ebt\u00eb her\u00eb, dy parti konkurruese do t\u00eb p\u00ebrpiqen t\u00eb kapin elektoratin turk, pomak dhe mysliman n\u00eb Bullgari gjat\u00eb zgjedhjeve legjislative t\u00eb 27 tetorit. P\u00ebr nj\u00eb koh\u00eb t\u00eb gjat\u00eb nj\u00eb &#8220;kingmaker&#8221;, DPS \u00ebsht\u00eb e ndar\u00eb nga nj\u00eb p\u00ebr\u00e7arje q\u00eb v\u00eb liderin e saj t\u00eb vjet\u00ebr Ahmed Do\u011fan kund\u00ebr oligarkut ambicioz Delyan Peevski.<\/p>\n<p><strong>Rr\u00ebshqitja n\u00eb autoritariz\u00ebm n\u00eb Shqip\u00ebri<\/strong><\/p>\n<p>Ish-presidenti shqiptar Ilir Meta, i cili kryeson Partin\u00eb e Liris\u00eb, \u00ebsht\u00eb arrestuar me urdh\u00ebr t\u00eb Prokuroris\u00eb s\u00eb Posa\u00e7me Antikorrupsion t\u00eb h\u00ebn\u00ebn n\u00eb Tiran\u00eb. Ai akuzohet p\u00ebr korrupsion, pastrim parash dhe mosdeklarim pasurie.<\/p>\n<p>N\u00eb Shqip\u00ebri reforma n\u00eb drejt\u00ebsi paraqitet si nj\u00eb &#8220;sukses&#8221; p\u00ebr komunitetin nd\u00ebrkomb\u00ebtar. N\u00eb fakt, ai u p\u00ebrdor nga regjimi i Edi Ram\u00ebs p\u00ebr t\u00eb m\u00ebnjanuar kund\u00ebrshtar\u00ebt duke forcuar legjitimitetin e tij n\u00eb sken\u00ebn nd\u00ebrkomb\u00ebtare.<\/p>\n<p>Pavar\u00ebsisht k\u00ebsaj, Shqip\u00ebria edhe k\u00ebt\u00eb vit theu nj\u00eb rekord p\u00ebr vizitor\u00ebt e huaj. K\u00ebto suksese i japin krah\u00eb vendit t\u00eb shqiponjave, t\u00eb cil\u00ebsuar si perla e re e Ballkanit. Megjithat\u00eb, infrastruktura dhe urbanizimi masiv i nd\u00ebrmarr\u00eb nga qeveria k\u00ebrc\u00ebnojn\u00eb t\u00eb rrezikojn\u00eb burimet unike natyrore.<\/p>\n<p><strong>Serbia: n\u00eb ekstremin e djatht\u00eb<\/strong><\/p>\n<p>Qeveria do t\u00eb shpenzoj\u00eb nj\u00eb milion euro p\u00ebr t\u00eb &#8220;p\u00ebrmir\u00ebsuar imazhin&#8221; e Serbis\u00eb dhe p\u00ebr t\u00eb organizuar ngjarje jasht\u00eb vendit. Kompania Smart Match Solutions fitoi thirrjen p\u00ebr tenderat e nisur nga Zyra e Diplomacis\u00eb Publike dhe Kulturore, e drejtuar nga aktivisti francez i s\u00eb djatht\u00ebs ekstreme Arnaud Gouillon.<\/p>\n<p>P\u00ebr vite me radh\u00eb, banor\u00ebt e Beogradit jan\u00eb mobilizuar kund\u00ebr rr\u00ebnimit t\u00eb Ur\u00ebs s\u00eb Vjet\u00ebr t\u00eb Sav\u00ebs, nj\u00eb mbetje e luft\u00ebs antifashiste jugosllave. Z\u00ebvend\u00ebsimi i saj, puna p\u00ebr t\u00eb cil\u00ebn do t\u00eb filloj\u00eb m\u00eb 1 n\u00ebntor, \u00ebsht\u00eb pjes\u00eb e projektit t\u00eb diskutuesh\u00ebm &#8220;Belgrade Waterfront&#8221;.<\/p>\n<p>Diskurset anti-rome po shtohen n\u00eb Slloveni, t\u00eb transmetuara nga media dhe t\u00eb nxitura nga politikan\u00eb t\u00eb t\u00eb gjitha pal\u00ebve, pas disa incidenteve q\u00eb p\u00ebrfshijn\u00eb an\u00ebtar\u00eb t\u00eb komunitetit n\u00eb juglindje t\u00eb vendit. N\u00ebse rom\u00ebt p\u00ebrfaq\u00ebsojn\u00eb pakic\u00ebn m\u00eb t\u00eb diskriminuar n\u00eb Slloveni, ekzistojn\u00eb zgjidhje p\u00ebr t\u00eb p\u00ebrmir\u00ebsuar integrimin.\/\u00a0rfi.fr-syri.net\/<\/p>\n","protected":false},"excerpt":{"rendered":"<p>Aleksandar Vu\u00e7i\u00e7 nuk mori pjes\u00eb n\u00eb Samitin e BRICS n\u00eb Kazan, por d\u00ebrgoi kat\u00ebr p\u00ebrfaq\u00ebsues, p\u00ebrfshir\u00eb ministrin e Mbrojtjes Bratislav Gashiq. Nj\u00eb m\u00ebnyr\u00eb p\u00ebr t\u00eb treguar se Beogradi vazhdon t\u00eb mbaj\u00eb lidhje t\u00eb privilegjuara me Mosk\u00ebn, por se interesat e tij ka m\u00eb shum\u00eb gjasa t\u00eb gjenden n\u00eb Bruksel? Koincidenc\u00eb e kalendarit? N\u00eb t\u00eb nj\u00ebjt\u00ebn &hellip;<\/p>\n","protected":false},"author":4,"featured_media":92803,"comment_status":"closed","ping_status":"closed","sticky":false,"template":"","format":"standard","meta":{"footnotes":""},"categories":[37],"tags":[],"class_list":["post-92802","post","type-post","status-publish","format-standard","has-post-thumbnail","","category-politike"],"_links":{"self":[{"href":"https:\/\/rdnews.al\/index.php\/wp-json\/wp\/v2\/posts\/92802","targetHints":{"allow":["GET"]}}],"collection":[{"href":"https:\/\/rdnews.al\/index.php\/wp-json\/wp\/v2\/posts"}],"about":[{"href":"https:\/\/rdnews.al\/index.php\/wp-json\/wp\/v2\/types\/post"}],"author":[{"embeddable":true,"href":"https:\/\/rdnews.al\/index.php\/wp-json\/wp\/v2\/users\/4"}],"replies":[{"embeddable":true,"href":"https:\/\/rdnews.al\/index.php\/wp-json\/wp\/v2\/comments?post=92802"}],"version-history":[{"count":1,"href":"https:\/\/rdnews.al\/index.php\/wp-json\/wp\/v2\/posts\/92802\/revisions"}],"predecessor-version":[{"id":92804,"href":"https:\/\/rdnews.al\/index.php\/wp-json\/wp\/v2\/posts\/92802\/revisions\/92804"}],"wp:featuredmedia":[{"embeddable":true,"href":"https:\/\/rdnews.al\/index.php\/wp-json\/wp\/v2\/media\/92803"}],"wp:attachment":[{"href":"https:\/\/rdnews.al\/index.php\/wp-json\/wp\/v2\/media?parent=92802"}],"wp:term":[{"taxonomy":"category","embeddable":true,"href":"https:\/\/rdnews.al\/index.php\/wp-json\/wp\/v2\/categories?post=92802"},{"taxonomy":"post_tag","embeddable":true,"href":"https:\/\/rdnews.al\/index.php\/wp-json\/wp\/v2\/tags?post=92802"}],"curies":[{"name":"wp","href":"https:\/\/api.w.org\/{rel}","templated":true}]}}