{"id":92840,"date":"2024-10-25T21:24:40","date_gmt":"2024-10-25T21:24:40","guid":{"rendered":"https:\/\/rdnews.al\/?p=92840"},"modified":"2024-10-25T21:24:40","modified_gmt":"2024-10-25T21:24:40","slug":"protesta-e-se-martes-do-te-paralizoje-regjimin-rruget-qe-do-bllokohen","status":"publish","type":"post","link":"https:\/\/rdnews.al\/index.php\/2024\/10\/25\/protesta-e-se-martes-do-te-paralizoje-regjimin-rruget-qe-do-bllokohen\/","title":{"rendered":"Protesta e s\u00eb mart\u00ebs do t\u00eb paralizoj\u00eb regjimin, rrug\u00ebt q\u00eb do bllokohen"},"content":{"rendered":"<div class=\"x11i5rnm xat24cr x1mh8g0r x1vvkbs xtlvy1s x126k92a\">\n<div dir=\"auto\">N\u00eb mbledhjen e thirrur sot n\u00eb selin\u00eb e Partis\u00eb Demokratike nga Sekretari i P\u00ebrgjithsh\u00ebm, Flamur Noka me drejtues Politik dhe kryetar\u00eb t\u00eb deg\u00ebve t\u00eb vendit u vendos si m\u00eb posht\u00eb vijon. <span class=\"html-span xexx8yu x4uap5 x18d9i69 xkhd6sd x1hl2dhg x16tdsg8 x1vvkbs x3nfvp2 x1j61x8r x1fcty0u xdj266r xat24cr xgzva0m xhhsvwb xxymvpz xlup9mm x1kky2od\"><img loading=\"lazy\" decoding=\"async\" class=\"xz74otr\" src=\"https:\/\/static.xx.fbcdn.net\/images\/emoji.php\/v9\/t92\/1\/16\/2935.png\" alt=\"\u2935\ufe0f\" width=\"16\" height=\"16\" \/><\/span><\/div>\n<\/div>\n<div class=\"x11i5rnm xat24cr x1mh8g0r x1vvkbs xtlvy1s x126k92a\">\n<div dir=\"auto\"><span class=\"html-span xexx8yu x4uap5 x18d9i69 xkhd6sd x1hl2dhg x16tdsg8 x1vvkbs x3nfvp2 x1j61x8r x1fcty0u xdj266r xat24cr xgzva0m xhhsvwb xxymvpz xlup9mm x1kky2od\"><img loading=\"lazy\" decoding=\"async\" class=\"xz74otr\" src=\"https:\/\/static.xx.fbcdn.net\/images\/emoji.php\/v9\/t50\/1\/16\/2757.png\" alt=\"\u2757\ufe0f\" width=\"16\" height=\"16\" \/><\/span>Dit\u00ebn e mart\u00eb, m\u00eb dat\u00eb 29 Tetor 2024, n\u00eb ora 17:00 mosbindja civile zbret n\u00eb akset kryesore t\u00eb Shqip\u00ebris\u00eb.<\/div>\n<\/div>\n<div class=\"x11i5rnm xat24cr x1mh8g0r x1vvkbs xtlvy1s x126k92a\">\n<div dir=\"auto\">\u2022 Segmenti Casa Italia &#8211; Sheshi \u201cShqiponja\u201d<\/div>\n<div dir=\"auto\">\u2022 Rrethrrotullimi Milot<\/div>\n<div dir=\"auto\">\u2022 Rrethrrotullimi Shkozet<\/div>\n<div dir=\"auto\">\u2022 Rrethrrotullimi Bradashesh<\/div>\n<div dir=\"auto\">\u2022 Rrethrrotullimi Rrogozhin\u00eb<\/div>\n<div dir=\"auto\">\u2022 Rrethrrotullimi Levan<\/div>\n<\/div>\n","protected":false},"excerpt":{"rendered":"<p>N\u00eb mbledhjen e thirrur sot n\u00eb selin\u00eb e Partis\u00eb Demokratike nga Sekretari i P\u00ebrgjithsh\u00ebm, Flamur Noka me drejtues Politik dhe kryetar\u00eb t\u00eb deg\u00ebve t\u00eb vendit u vendos si m\u00eb posht\u00eb vijon. Dit\u00ebn e mart\u00eb, m\u00eb dat\u00eb 29 Tetor 2024, n\u00eb ora 17:00 mosbindja civile zbret n\u00eb akset kryesore t\u00eb Shqip\u00ebris\u00eb. \u2022 Segmenti Casa Italia &#8211; &hellip;<\/p>\n","protected":false},"author":3,"featured_media":16019,"comment_status":"closed","ping_status":"closed","sticky":false,"template":"","format":"standard","meta":{"footnotes":""},"categories":[37],"tags":[],"class_list":["post-92840","post","type-post","status-publish","format-standard","has-post-thumbnail","","category-politike"],"_links":{"self":[{"href":"https:\/\/rdnews.al\/index.php\/wp-json\/wp\/v2\/posts\/92840","targetHints":{"allow":["GET"]}}],"collection":[{"href":"https:\/\/rdnews.al\/index.php\/wp-json\/wp\/v2\/posts"}],"about":[{"href":"https:\/\/rdnews.al\/index.php\/wp-json\/wp\/v2\/types\/post"}],"author":[{"embeddable":true,"href":"https:\/\/rdnews.al\/index.php\/wp-json\/wp\/v2\/users\/3"}],"replies":[{"embeddable":true,"href":"https:\/\/rdnews.al\/index.php\/wp-json\/wp\/v2\/comments?post=92840"}],"version-history":[{"count":1,"href":"https:\/\/rdnews.al\/index.php\/wp-json\/wp\/v2\/posts\/92840\/revisions"}],"predecessor-version":[{"id":92841,"href":"https:\/\/rdnews.al\/index.php\/wp-json\/wp\/v2\/posts\/92840\/revisions\/92841"}],"wp:featuredmedia":[{"embeddable":true,"href":"https:\/\/rdnews.al\/index.php\/wp-json\/wp\/v2\/media\/16019"}],"wp:attachment":[{"href":"https:\/\/rdnews.al\/index.php\/wp-json\/wp\/v2\/media?parent=92840"}],"wp:term":[{"taxonomy":"category","embeddable":true,"href":"https:\/\/rdnews.al\/index.php\/wp-json\/wp\/v2\/categories?post=92840"},{"taxonomy":"post_tag","embeddable":true,"href":"https:\/\/rdnews.al\/index.php\/wp-json\/wp\/v2\/tags?post=92840"}],"curies":[{"name":"wp","href":"https:\/\/api.w.org\/{rel}","templated":true}]}}