{"id":92848,"date":"2024-10-26T09:14:03","date_gmt":"2024-10-26T09:14:03","guid":{"rendered":"https:\/\/rdnews.al\/?p=92848"},"modified":"2024-10-26T09:15:24","modified_gmt":"2024-10-26T09:15:24","slug":"spanja-ndizet-per-el-clasico","status":"publish","type":"post","link":"https:\/\/rdnews.al\/index.php\/2024\/10\/26\/spanja-ndizet-per-el-clasico\/","title":{"rendered":"Spanja \u201cndizet\u201d p\u00ebr \u201cEl Clasico\u201d"},"content":{"rendered":"<p>\u201cEl Clasico\u201d nuk \u00ebsht\u00eb kurr\u00eb nj\u00eb sfid\u00eb e radh\u00ebs, nuk \u00ebsht\u00eb nj\u00eb ndeshje si gjith\u00eb t\u00eb tjerat, por \u00ebsht\u00eb nj\u00eb supersfid\u00eb q\u00eb k\u00ebt\u00eb her\u00eb vjen me nj\u00eb \u201cshije\u201d ndryshe pasi Reali dhe Bar\u00e7a po kalojn\u00eb nj\u00eb moment fantastik, k\u00ebt\u00eb e v\u00ebrtetuan edhe n\u00eb Champions League.<\/p>\n<p><strong><em>\u201cQendra e universit\u201d<\/em><\/strong>, shkruan Marca na faqen e par\u00eb. Sigurisht p\u00ebr bot\u00ebn e futbollit e till\u00eb \u00ebsht\u00eb kjo p\u00ebrballje unike. <em><strong>\u201cClasico e art\u00eb\u201d<\/strong><\/em>, ishte titulli i p\u00ebrzgjedhur nga AS shoq\u00ebruar me dy tredh\u00ebmb\u00ebshat ofensiv\u00eb t\u00eb dy ekipeve.<\/p>\n<div class=\"galery-slider\">\n<ul class=\"slides\">\n<li class=\"flex-slider-item\" data-thumb-alt=\"\"><a href=\"https:\/\/www.balkanweb.com\/wp-content\/uploads\/2024\/10\/marca-7.jpg\" rel=\"lightbox noopener\" target=\"_blank\"><img decoding=\"async\" draggable=\"false\" src=\"https:\/\/www.balkanweb.com\/wp-content\/uploads\/2024\/10\/marca-7.jpg\" alt=\"foto galeri \" \/><\/a><\/li>\n<li class=\"flex-slider-item flex-active-slide\" data-thumb-alt=\"\"><a href=\"https:\/\/www.balkanweb.com\/wp-content\/uploads\/2024\/10\/as-6.jpg\" rel=\"lightbox noopener\" target=\"_blank\"><img decoding=\"async\" draggable=\"false\" src=\"https:\/\/www.balkanweb.com\/wp-content\/uploads\/2024\/10\/as-6.jpg\" alt=\"foto galeri \" \/><\/a><\/li>\n<\/ul>\n<\/div>\n<p>Nga nj\u00ebra ana \u201cBMV\u201d e famshme e Ancelottit, Bellingham, Mbappe, Vinicuis dhe nga ana tjet\u00ebr Raphinha, Lewandowski, Yamal. Pavar\u00ebsisht se \u00ebsht\u00eb nj\u00eb sfid\u00eb speciale, \u201cajka\u201d e futbollit spanjoll, Carlo Ancelotti \u00ebsht\u00eb m\u00ebsuar me p\u00ebrballje t\u00eb tilla, e sigurt \u00ebsht\u00eb se do ta b\u00ebj\u00eb gjumin i qet\u00eb p\u00ebrpara k\u00ebtij takimi,<\/p>\n<p><strong><em>\u201cBarcelona \u00ebsht\u00eb nj\u00eb skuad\u00ebr me ide t\u00eb qarta, jam nj\u00eb ekip me guxim, duhet ta p\u00ebrgatisim mir\u00eb k\u00ebt\u00eb takim. Ata po b\u00ebjn\u00eb nj\u00eb kampionat t\u00eb madh, \u00ebsht\u00eb e v\u00ebshtir\u00eb t\u00eb flas\u00ebsh p\u00ebr favorit\u00eb n\u00eb nj\u00eb Clasico, por p\u00ebr fat t\u00eb mir\u00eb asgj\u00eb nuk ma prish gjumin. N\u00eb ndeshje t\u00eb tilla nuk \u00ebsht\u00eb e nevojshme t\u00eb flas\u00ebsh shum\u00eb. N\u00eb k\u00ebto ndeshje t\u00eb gjith\u00eb jan\u00eb t\u00eb motivuar. Vinicius? Jam me fat q\u00eb kam nj\u00eb lojtar t\u00eb till\u00eb. Mund ta them me bindje se ai do t\u00eb jet\u00eb Topi i Art\u00eb\u201d, tha Ancelotti.<\/em><\/strong><\/p>\n<div id=\"beacon_9aecb9d846\"><img loading=\"lazy\" decoding=\"async\" src=\"https:\/\/ads.balkanweb.com\/www\/delivery\/lg.php?bannerid=0&amp;campaignid=0&amp;zoneid=629&amp;loc=https%3A%2F%2Fwww.balkanweb.com%2Fqendra-e-universit-clasico-e-arte-spanja-ndizet-per-real-barca-ancelotti-flick-e-presim-me-padurim%2F&amp;referer=https%3A%2F%2Fwww.balkanweb.com%2Fkategoria%2Fsport%2F&amp;cb=9aecb9d846\" alt=\"\" width=\"0\" height=\"0\" \/>E pret me padurim edhe Clasicon e tij t\u00eb par\u00eb Hansi Flick, i vet\u00ebdijsh\u00ebm se do t\u00eb jet\u00eb nj\u00eb super sfid\u00eb.<\/div>\n<div><\/div>\n<div><strong><em>\u201cKemi shum\u00eb d\u00ebshir\u00eb p\u00ebr t\u00eb luajtur k\u00ebt\u00eb takim, do t\u00eb jet\u00eb nj\u00eb ndeshje e bukur. Ekipi im po luan shum\u00eb mir\u00eb, fituam kund\u00ebr Bayern, por jemi t\u00eb vet\u00ebdijsh\u00ebm se duhet t\u00eb p\u00ebrmir\u00ebsohemi\u201d, tha Flick.<\/em><\/strong><\/div>\n<p>&nbsp;<\/p>\n","protected":false},"excerpt":{"rendered":"<p>\u201cEl Clasico\u201d nuk \u00ebsht\u00eb kurr\u00eb nj\u00eb sfid\u00eb e radh\u00ebs, nuk \u00ebsht\u00eb nj\u00eb ndeshje si gjith\u00eb t\u00eb tjerat, por \u00ebsht\u00eb nj\u00eb supersfid\u00eb q\u00eb k\u00ebt\u00eb her\u00eb vjen me nj\u00eb \u201cshije\u201d ndryshe pasi Reali dhe Bar\u00e7a po kalojn\u00eb nj\u00eb moment fantastik, k\u00ebt\u00eb e v\u00ebrtetuan edhe n\u00eb Champions League. \u201cQendra e universit\u201d, shkruan Marca na faqen e par\u00eb. Sigurisht &hellip;<\/p>\n","protected":false},"author":4,"featured_media":92849,"comment_status":"closed","ping_status":"closed","sticky":false,"template":"","format":"standard","meta":{"footnotes":""},"categories":[39],"tags":[],"class_list":["post-92848","post","type-post","status-publish","format-standard","has-post-thumbnail","","category-sport"],"_links":{"self":[{"href":"https:\/\/rdnews.al\/index.php\/wp-json\/wp\/v2\/posts\/92848","targetHints":{"allow":["GET"]}}],"collection":[{"href":"https:\/\/rdnews.al\/index.php\/wp-json\/wp\/v2\/posts"}],"about":[{"href":"https:\/\/rdnews.al\/index.php\/wp-json\/wp\/v2\/types\/post"}],"author":[{"embeddable":true,"href":"https:\/\/rdnews.al\/index.php\/wp-json\/wp\/v2\/users\/4"}],"replies":[{"embeddable":true,"href":"https:\/\/rdnews.al\/index.php\/wp-json\/wp\/v2\/comments?post=92848"}],"version-history":[{"count":2,"href":"https:\/\/rdnews.al\/index.php\/wp-json\/wp\/v2\/posts\/92848\/revisions"}],"predecessor-version":[{"id":92851,"href":"https:\/\/rdnews.al\/index.php\/wp-json\/wp\/v2\/posts\/92848\/revisions\/92851"}],"wp:featuredmedia":[{"embeddable":true,"href":"https:\/\/rdnews.al\/index.php\/wp-json\/wp\/v2\/media\/92849"}],"wp:attachment":[{"href":"https:\/\/rdnews.al\/index.php\/wp-json\/wp\/v2\/media?parent=92848"}],"wp:term":[{"taxonomy":"category","embeddable":true,"href":"https:\/\/rdnews.al\/index.php\/wp-json\/wp\/v2\/categories?post=92848"},{"taxonomy":"post_tag","embeddable":true,"href":"https:\/\/rdnews.al\/index.php\/wp-json\/wp\/v2\/tags?post=92848"}],"curies":[{"name":"wp","href":"https:\/\/api.w.org\/{rel}","templated":true}]}}