{"id":92868,"date":"2024-10-26T12:22:00","date_gmt":"2024-10-26T12:22:00","guid":{"rendered":"https:\/\/rdnews.al\/?p=92868"},"modified":"2024-10-26T12:22:00","modified_gmt":"2024-10-26T12:22:00","slug":"salianji-reagon-nga-qelia-te-gjithe-e-pane-si-krimi-bente-listen-per-deputetet-e-ps-beteje-pa-ndalim","status":"publish","type":"post","link":"https:\/\/rdnews.al\/index.php\/2024\/10\/26\/salianji-reagon-nga-qelia-te-gjithe-e-pane-si-krimi-bente-listen-per-deputetet-e-ps-beteje-pa-ndalim\/","title":{"rendered":"Salianji reagon nga qelia: T\u00eb gjith\u00eb e pan\u00eb si krimi b\u00ebnte list\u00ebn p\u00ebr deputet\u00ebt e PS! Betej\u00eb pa ndalim!"},"content":{"rendered":"<p>Ish-deputeti i PD, Ervin Salianji ka reaguar nga burgu, nga qelia num\u00ebr 6, si\u00e7 shkruan n\u00eb profilin e tij t\u00eb Facebook, \u201cp\u00ebr Shqip\u00ebrin\u00eb n\u00eb BE\u201d.<\/p>\n<p>Salianji deklaron se lajmi mbi avancimin e Shqip\u00ebris\u00eb n\u00eb marr\u00ebdh\u00ebniet me BE-n\u00eb, nj\u00eb hap m\u00eb shum\u00eb drejt Brukselit, \u00ebsht\u00eb pozitiv, n\u00eb gjith\u00eb atmosfer\u00ebn mbyt\u00ebse n\u00eb Shqip\u00ebri e \u201cpavar\u00ebsisht se autokrati e ka hapur shampanj\u00ebn e fitores s\u00eb g\u00ebnjesht\u00ebrt edhe 8 her\u00eb t\u00eb tjera vitet e shkuara\u201d.<\/p>\n<p>P\u00ebr \u201cidealist\u00ebt q\u00eb me t\u00eb drejt\u00eb shqet\u00ebsohen me paradoksin se si disa zyrtar\u00eb t\u00eb Brukselit mb\u00ebshtesin autokratin e korruptuar\u201d, Salianji thot\u00eb se s\u00ebrish se n\u00eb \u00e7do rast, m\u00eb shum\u00eb Europ\u00eb, \u00ebsht\u00eb melhemi p\u00ebr plag\u00ebn tone.<\/p>\n<p>Ai sjell n\u00eb v\u00ebmendje gjithashtu se t\u00eb gjith\u00eb e pan\u00eb si krimi b\u00ebnte list\u00ebn e Ram\u00ebs p\u00ebr deputet\u00eb, duke iu referuar arrestimit t\u00eb Jurgis \u00c7yrbjes pasi doli n\u00eb bisedat e Sky ECC.<\/p>\n<p><strong><span style=\"font-style: inherit; font-weight: inherit;\">Reagimi nga Ervin Salianji<\/span><\/strong><\/p>\n<p>K\u00ebnd nga qelia nr.6<\/p>\n<p>P\u00ebr Shqip\u00ebrin\u00eb n\u00eb BE.<\/p>\n<p>Lajmet e mira, pak m\u00eb von\u00eb se t\u00eb k\u00ebqiat, sidoqoft\u00eb mb\u00ebrrijn\u00eb dhe n\u00eb qelit\u00eb e t\u00eb burgosurve politik\u00eb. K\u00ebshtu lajmi mbi avancimin e Shqip\u00ebris\u00eb n\u00eb marr\u00ebdh\u00ebniet me BE-n\u00eb, nj\u00eb hap m\u00eb shum\u00eb drejt Brukselit, \u00ebsht\u00eb pozitiv, n\u00eb gjith\u00eb atmosfer\u00ebn mbyt\u00ebse n\u00eb Shqip\u00ebri e pavar\u00ebsisht se autokrati e ka hapur shampanj\u00ebn e fitores s\u00eb g\u00ebnjesht\u00ebrt edhe 8 her\u00eb t\u00eb tjera vitet e shkuara. Mundet q\u00eb ndokush nuk e p\u00ebrjeton t\u00eb till\u00eb, sepse nd\u00ebrsa duket se k\u00ebtu po b\u00ebhen hapa pas, kur jan\u00eb v\u00ebn\u00eb n\u00eb dyshim parime dhe vlera, liri e t\u00eb drejta q\u00eb u arrit\u00ebn para 34 viteve me rr\u00ebzimin e regjimit komunist, edhe kur shihet se sundimi i qeveris\u00eb dhe kontrolli i institucioneve nga nj\u00eb dor\u00eb \u00ebsht\u00eb fakt dhe shfaqet n\u00eb gjith\u00eb p\u00ebrmasat e tij si e kund\u00ebrta e Europ\u00ebs, hapen negociatat. E pra s\u00ebrish e gjithmon\u00eb zgjidhja e vetme \u00ebsht\u00eb; m\u00eb shum\u00eb Europ\u00eb.<\/p>\n<p>Ka idealist\u00eb q\u00eb me t\u00eb drejt\u00eb shqet\u00ebsohen me paradoksin se si disa zyrtar\u00eb t\u00eb Brukselit mb\u00ebshtesin autokratin e korruptuar. Por, serish e ne \u00e7do rast, m\u00eb shum\u00eb Europ\u00eb, \u00ebsht\u00eb melhemi p\u00ebr plag\u00ebn ton\u00eb. Sa m\u00eb af\u00ebr BE-s\u00eb, aq m\u00eb i madh ekspozimi i qeverisjes s\u00eb keqe, aq m\u00eb e dukshme fotografia e realitetit t\u00eb demokracis\u00eb n\u00ebn thund\u00ebr n\u00eb Tiran\u00eb.<\/p>\n<p>Ai ka p\u00ebr t\u2019i marr\u00eb nderet e rastit, fotot dhe levdatat.<\/p>\n<p>Jan\u00eb thjesht kortezia e protokollit.<\/p>\n<p>Esht\u00eb shoq\u00ebria, shqiptar\u00ebt, q\u00eb n\u00eb fakt i kan\u00eb t\u00eb gjitha meritat.<\/p>\n<p>Nuk besoj t\u00eb ket\u00eb nj\u00eb vend t\u00eb rajonit ton\u00eb, ku qytetar\u00ebt me vokacionin dhe aspiratat, vlerat e parimet ku qendrojn\u00eb, t\u00eb ken\u00eb shkuar shum\u00eb m\u00eb p\u00ebrpara shum\u00eb m\u00eb her\u00ebt drejt Perendimit, se sa udh\u00ebheq\u00ebsit e tyre.<\/p>\n<p>T\u00eb gjitha ngjarjet tregojn\u00eb madje se rilindja ka q\u00ebn\u00eb penges\u00eb, e penges\u00eb serioze n\u00eb rrug\u00ebn e integrimit. Sfidat m\u00eb t\u00eb v\u00ebshtira q\u00eb ka hasur dhe p\u00ebrballet edhe sot vendi yn\u00eb, jan\u00eb korrupsioni dhe krimi e lidhjet e tij me politik\u00ebn. N\u00ebse dikush b\u00ebn pyetjen se kush \u00ebsht\u00eb burimi m\u00eb i madh p\u00ebr k\u00ebto dy fenomene, \u00e7dokush do t\u00eb drejtoj\u00eb menj\u00ebher\u00eb gishtin nga qeveria.<\/p>\n<p>Po n\u00ebse qendrojm\u00eb n\u00eb k\u00ebt\u00eb terren, n\u00eb k\u00ebt\u00eb argument, \u00ebsht\u00eb dikush q\u00eb sot duhet falenderuar p\u00ebr kontributin n\u00eb k\u00ebt\u00eb drejtim. Esht\u00eb Opozita, Partia Demokratike, dhe kjo duhet th\u00ebn\u00eb pa droje, pa asnj\u00eb kompleks. N\u00eb k\u00ebt\u00eb sens, ne kemi b\u00ebr\u00eb m\u00eb shum\u00eb se qeveria p\u00ebr integrimin. Aferat m\u00eb t\u00eb m\u00ebdha korruptive sot, t\u00eb cilat sh\u00ebnohen si rekorde t\u00eb luft\u00ebs q\u00eb po i b\u00ebn drejt\u00ebsia, jan\u00eb zbuluar dhe jan\u00eb denoncuar, madje edhe referuar nga Opozita. N\u00eb asnj\u00eb rast t\u00eb vet\u00ebm qeveria nuk ka prodhuar nj\u00eb kontroll, nj\u00eb audit, ku t\u00eb ket\u00eb gjetur shkelje e t\u00eb jet\u00eb \u201cvetkorigjuar\u201d.<\/p>\n<p>Edi Rama reagon gjithnj\u00eb pas vaktit, dhe hajdut\u00ebrit\u00eb e m\u00ebdha e ka zakon t\u2019i em\u00ebrtoj\u00eb si gj\u00ebra t\u00eb vogla, si fruta. Kush m\u00eb shum\u00eb se sa ne, se sa Opozita ka luftuar me krimin, me bandat, me grupet e rrezikshme mafioze t\u00eb lidhura me qeverin\u00eb.<\/p>\n<p>Nj\u00eb betej\u00eb pa ndalim dhe jo me pak kosto, jo me pak sakrifica. Nj\u00eb sakrific\u00eb \u00ebsht\u00eb dhe k\u00ebndi nga ku po shkruhet ky shenim, me laps e me let\u00ebr. Ky pozicionim nuk ishte nj\u00eb spontanitet, nj\u00eb produkt rrethanash, aspak. Por, nj\u00eb zgjedhje, nj\u00eb vler\u00eb q\u00eb u mbajt n\u00eb m\u00ebnyr\u00eb konsistente, pa hezitim, n\u00eb 12 vite. Skena publike dhe politike sot \u00ebsht\u00eb m\u00eb e past\u00ebr prej angazhimit pa kompromis t\u00eb demokrat\u00ebve.<\/p>\n<p>Me denoncime me emra me fakte, ja dol\u00ebm q\u00eb shum\u00eb t\u00eb inkriminuar dhe bandit\u00eb t\u00eb ktheheshin atje ku e kishin vendin. Cila ishte zgjedhja e qeveris\u00eb dhe e kryeministrit n\u00eb k\u00ebt\u00eb rast? T\u00eb gjith\u00eb e pan\u00eb s\u00eb fundmi, list\u00ebn e deputet\u00ebve t\u00eb Durr\u00ebsit. Si qe b\u00ebr\u00eb p\u00ebrzierja, si qen\u00eb vendosur emrat, dhe kush kishte lobuar p\u00ebr vendet e sigurta.<\/p>\n<p>Me firm\u00ebn e kryetarit t\u00eb PS, krimi i organizuar ja ka dal\u00eb t\u00eb d\u00ebrgoj\u00eb njer\u00ebzit n\u00eb sall\u00ebn m\u00eb t\u00eb lart\u00eb kushtetuese, aty ku b\u00ebhen ligjet e vendit. Nga kjo pikpamje, \u00ebsht\u00eb Opozita, jan\u00eb demokrat\u00ebt q\u00eb kan\u00eb gjakuar p\u00ebr Europ\u00ebn. Jan\u00eb qytetar\u00ebt q\u00eb kan\u00eb dh\u00ebn\u00eb mundin e pun\u00ebn e tyre. Esht\u00eb shoq\u00ebria q\u00eb ka kulturalisht busull\u00ebn kah perendimi. Esht\u00eb dhe qeveria q\u00eb ka ngritur \u00e7do her\u00eb pengesa.<\/p>\n<p>Rezultati? Kemi nisur bisedimet, por 12 vite me vones\u00eb. E sot pas 12 vitesh despoti \u00ebsht\u00eb vlera m\u00eb antieuropiane q\u00eb ka Shqip\u00ebria.<\/p>\n","protected":false},"excerpt":{"rendered":"<p>Ish-deputeti i PD, Ervin Salianji ka reaguar nga burgu, nga qelia num\u00ebr 6, si\u00e7 shkruan n\u00eb profilin e tij t\u00eb Facebook, \u201cp\u00ebr Shqip\u00ebrin\u00eb n\u00eb BE\u201d. Salianji deklaron se lajmi mbi avancimin e Shqip\u00ebris\u00eb n\u00eb marr\u00ebdh\u00ebniet me BE-n\u00eb, nj\u00eb hap m\u00eb shum\u00eb drejt Brukselit, \u00ebsht\u00eb pozitiv, n\u00eb gjith\u00eb atmosfer\u00ebn mbyt\u00ebse n\u00eb Shqip\u00ebri e \u201cpavar\u00ebsisht se autokrati &hellip;<\/p>\n","protected":false},"author":4,"featured_media":90711,"comment_status":"closed","ping_status":"closed","sticky":false,"template":"","format":"standard","meta":{"footnotes":""},"categories":[37],"tags":[],"class_list":["post-92868","post","type-post","status-publish","format-standard","has-post-thumbnail","","category-politike"],"_links":{"self":[{"href":"https:\/\/rdnews.al\/index.php\/wp-json\/wp\/v2\/posts\/92868","targetHints":{"allow":["GET"]}}],"collection":[{"href":"https:\/\/rdnews.al\/index.php\/wp-json\/wp\/v2\/posts"}],"about":[{"href":"https:\/\/rdnews.al\/index.php\/wp-json\/wp\/v2\/types\/post"}],"author":[{"embeddable":true,"href":"https:\/\/rdnews.al\/index.php\/wp-json\/wp\/v2\/users\/4"}],"replies":[{"embeddable":true,"href":"https:\/\/rdnews.al\/index.php\/wp-json\/wp\/v2\/comments?post=92868"}],"version-history":[{"count":1,"href":"https:\/\/rdnews.al\/index.php\/wp-json\/wp\/v2\/posts\/92868\/revisions"}],"predecessor-version":[{"id":92869,"href":"https:\/\/rdnews.al\/index.php\/wp-json\/wp\/v2\/posts\/92868\/revisions\/92869"}],"wp:featuredmedia":[{"embeddable":true,"href":"https:\/\/rdnews.al\/index.php\/wp-json\/wp\/v2\/media\/90711"}],"wp:attachment":[{"href":"https:\/\/rdnews.al\/index.php\/wp-json\/wp\/v2\/media?parent=92868"}],"wp:term":[{"taxonomy":"category","embeddable":true,"href":"https:\/\/rdnews.al\/index.php\/wp-json\/wp\/v2\/categories?post=92868"},{"taxonomy":"post_tag","embeddable":true,"href":"https:\/\/rdnews.al\/index.php\/wp-json\/wp\/v2\/tags?post=92868"}],"curies":[{"name":"wp","href":"https:\/\/api.w.org\/{rel}","templated":true}]}}