{"id":92870,"date":"2024-10-26T12:24:47","date_gmt":"2024-10-26T12:24:47","guid":{"rendered":"https:\/\/rdnews.al\/?p=92870"},"modified":"2024-10-26T12:24:47","modified_gmt":"2024-10-26T12:24:47","slug":"gazment-bardhi-tregon-skenarin-e-protestes-se-29-tetorit","status":"publish","type":"post","link":"https:\/\/rdnews.al\/index.php\/2024\/10\/26\/gazment-bardhi-tregon-skenarin-e-protestes-se-29-tetorit\/","title":{"rendered":"Gazment Bardhi tregon skenarin e protest\u00ebs s\u00eb 29 tetorit"},"content":{"rendered":"<p>Kreu i grupit parlamentar t\u00eb Partis\u00eb Demokratike, Gazment Bardhi ka treguar se n\u00eb takimin me kryetar\u00ebt e deg\u00ebve dhe drejtuesit politik t\u00eb qarqeve u vendos q\u00eb dit\u00ebn e mart\u00eb 29 tetor do t\u00eb mbahet protesta e opozit\u00ebs.<\/p>\n<p>Nd\u00ebr t\u00eb tjera, Gazment Bardhi ka treguar edhe skenarin me t\u00eb cilin do t\u00eb zhvillohet protesta teksa tregon akset rrugore t\u00eb cilat do jen\u00eb t\u00eb bllokuara.<\/p>\n<p><em style=\"font-weight: inherit;\">\u201cN\u00eb vijim t\u00eb vendimit t\u00eb Kryesis\u00eb s\u00eb Partis\u00eb, dje n\u00eb takimin me kryetar\u00ebt e deg\u00ebve dhe drejtuesit politik t\u00eb qarqeve u vendos q\u00eb t\u00eb MART\u00cbN, m\u00eb 29 TETOR, ora 17:00, protesta do t\u00eb zbres\u00eb n\u00eb akset kryesore t\u00eb vendit:<\/em><\/p>\n<ol>\n<li><em style=\"font-weight: inherit;\"> Segmenti \u201cCasa Italia \u2013 Sheshi Shqiponja\u201d;<\/em><\/li>\n<li><em style=\"font-weight: inherit;\"> Rrethrrotullimi Milot;<\/em><\/li>\n<li><em><span style=\"font-style: inherit; font-weight: inherit;\"> Rrethrrotullimi Shkozet;<\/span><\/em><\/li>\n<li><em style=\"font-weight: inherit;\"> Rrethrrotullimi Bradashesh;<\/em><\/li>\n<li><em style=\"font-weight: inherit;\"> Rrethrrotullimi Rrogozhin\u00eb;<\/em><\/li>\n<li><em style=\"font-weight: inherit;\"> Rrethrrotullimi Levan.<\/em><\/li>\n<\/ol>\n<p><em style=\"font-weight: inherit;\">T\u00eb b\u00ebhemi t\u00eb gjith\u00eb bashk\u00eb p\u00ebr t\u2019i dh\u00ebn\u00eb fund kapjes s\u00eb shtetit dhe p\u00ebr t\u2019i hapur rrug\u00eb zgjedhjeve t\u00eb lira e t\u00eb ndershme, t\u00eb pa ndikuara nga krimi i organizuar dhe parat\u00eb e korrupsionit\u201d<\/em>, shkruan Gazment Bardhi.<\/p>\n","protected":false},"excerpt":{"rendered":"<p>Kreu i grupit parlamentar t\u00eb Partis\u00eb Demokratike, Gazment Bardhi ka treguar se n\u00eb takimin me kryetar\u00ebt e deg\u00ebve dhe drejtuesit politik t\u00eb qarqeve u vendos q\u00eb dit\u00ebn e mart\u00eb 29 tetor do t\u00eb mbahet protesta e opozit\u00ebs. Nd\u00ebr t\u00eb tjera, Gazment Bardhi ka treguar edhe skenarin me t\u00eb cilin do t\u00eb zhvillohet protesta teksa tregon &hellip;<\/p>\n","protected":false},"author":4,"featured_media":39137,"comment_status":"closed","ping_status":"closed","sticky":false,"template":"","format":"standard","meta":{"footnotes":""},"categories":[37],"tags":[],"class_list":["post-92870","post","type-post","status-publish","format-standard","has-post-thumbnail","","category-politike"],"_links":{"self":[{"href":"https:\/\/rdnews.al\/index.php\/wp-json\/wp\/v2\/posts\/92870","targetHints":{"allow":["GET"]}}],"collection":[{"href":"https:\/\/rdnews.al\/index.php\/wp-json\/wp\/v2\/posts"}],"about":[{"href":"https:\/\/rdnews.al\/index.php\/wp-json\/wp\/v2\/types\/post"}],"author":[{"embeddable":true,"href":"https:\/\/rdnews.al\/index.php\/wp-json\/wp\/v2\/users\/4"}],"replies":[{"embeddable":true,"href":"https:\/\/rdnews.al\/index.php\/wp-json\/wp\/v2\/comments?post=92870"}],"version-history":[{"count":1,"href":"https:\/\/rdnews.al\/index.php\/wp-json\/wp\/v2\/posts\/92870\/revisions"}],"predecessor-version":[{"id":92871,"href":"https:\/\/rdnews.al\/index.php\/wp-json\/wp\/v2\/posts\/92870\/revisions\/92871"}],"wp:featuredmedia":[{"embeddable":true,"href":"https:\/\/rdnews.al\/index.php\/wp-json\/wp\/v2\/media\/39137"}],"wp:attachment":[{"href":"https:\/\/rdnews.al\/index.php\/wp-json\/wp\/v2\/media?parent=92870"}],"wp:term":[{"taxonomy":"category","embeddable":true,"href":"https:\/\/rdnews.al\/index.php\/wp-json\/wp\/v2\/categories?post=92870"},{"taxonomy":"post_tag","embeddable":true,"href":"https:\/\/rdnews.al\/index.php\/wp-json\/wp\/v2\/tags?post=92870"}],"curies":[{"name":"wp","href":"https:\/\/api.w.org\/{rel}","templated":true}]}}