{"id":92901,"date":"2024-10-26T17:40:29","date_gmt":"2024-10-26T17:40:29","guid":{"rendered":"https:\/\/rdnews.al\/?p=92901"},"modified":"2024-10-26T17:42:17","modified_gmt":"2024-10-26T17:42:17","slug":"berisha-proteste-neser-ne-oren-1100-te-ura-e-dajlanit-duan-te-helmojne-durresin","status":"publish","type":"post","link":"https:\/\/rdnews.al\/index.php\/2024\/10\/26\/berisha-proteste-neser-ne-oren-1100-te-ura-e-dajlanit-duan-te-helmojne-durresin\/","title":{"rendered":"Berisha: Protest\u00eb nes\u00ebr n\u00eb ora 11:00 te Ura e Dajlanit: Duan t\u00eb helmojn\u00eb Durr\u00ebsin"},"content":{"rendered":"<p>Kryetari i PD, Sali Berisha i ka b\u00ebr\u00eb thirrje qytetar\u00ebve t\u00eb Durr\u00ebsit q\u00eb t\u2019i bashkohen protest\u00ebs s\u00eb dit\u00ebs s\u00eb nes\u00ebrme n\u00eb or\u00ebn 11:00 te Ura e Dajlanit, pasi rikthehen n\u00eb port kontejner\u00ebt me mbetjet toksike, t\u00eb denoncuara nga Rrjeti i Bazelit.<\/p>\n<p>Berisha ftoi qytetar\u00ebt n\u00eb protest\u00eb nes\u00ebr n\u00eb ora 11:00 te Ura e Dajlanit. Ai tha se, duan t\u00eb helmojn\u00eb Durr\u00ebsin, sepse rikthehen kontejner\u00ebt e helmit.<\/p>\n<p><strong>Berisha:\u00a0<\/strong>T\u00eb dashur miq, nes\u00ebr n\u00eb ora 11, thirrja ime p\u00ebr mbar\u00eb qytetar\u00ebt e Durr\u00ebsit, Kavaj\u00ebs, mbar\u00eb demokrat\u00ebt kudo q\u00eb jan\u00eb, n\u00eb ora 11, te Ura e Dajlanit sepse kthehet n\u00eb Durr\u00ebs kontejner\u00ebt e helmit.<\/p>\n<p>Kthehen n\u00eb Durr\u00ebs nga Tajlanda, Singapori e ku shkuan, kontejner\u00ebt plot helme.<\/p>\n<p>Ia refuzoi Turqia, ia refuzoi Italia, ia refuzoi \u00e7do vend.<\/p>\n<p>Do t\u00eb helmoj\u00eb Durr\u00ebsin, t\u00eb gjith\u00eb n\u00eb Durr\u00ebs, t\u00eb gjith\u00eb n\u00eb betej\u00eb.<\/p>\n<p>\u00cbsht\u00eb radha jon\u00eb.<\/p>\n<p>\u00cbsht\u00eb radha jon\u00eb<\/p>\n<p>Fitore, fitore, fitore!<\/p>\n","protected":false},"excerpt":{"rendered":"<p>Kryetari i PD, Sali Berisha i ka b\u00ebr\u00eb thirrje qytetar\u00ebve t\u00eb Durr\u00ebsit q\u00eb t\u2019i bashkohen protest\u00ebs s\u00eb dit\u00ebs s\u00eb nes\u00ebrme n\u00eb or\u00ebn 11:00 te Ura e Dajlanit, pasi rikthehen n\u00eb port kontejner\u00ebt me mbetjet toksike, t\u00eb denoncuara nga Rrjeti i Bazelit. Berisha ftoi qytetar\u00ebt n\u00eb protest\u00eb nes\u00ebr n\u00eb ora 11:00 te Ura e Dajlanit. Ai &hellip;<\/p>\n","protected":false},"author":4,"featured_media":82604,"comment_status":"closed","ping_status":"closed","sticky":false,"template":"","format":"standard","meta":{"footnotes":""},"categories":[37],"tags":[],"class_list":["post-92901","post","type-post","status-publish","format-standard","has-post-thumbnail","","category-politike"],"_links":{"self":[{"href":"https:\/\/rdnews.al\/index.php\/wp-json\/wp\/v2\/posts\/92901","targetHints":{"allow":["GET"]}}],"collection":[{"href":"https:\/\/rdnews.al\/index.php\/wp-json\/wp\/v2\/posts"}],"about":[{"href":"https:\/\/rdnews.al\/index.php\/wp-json\/wp\/v2\/types\/post"}],"author":[{"embeddable":true,"href":"https:\/\/rdnews.al\/index.php\/wp-json\/wp\/v2\/users\/4"}],"replies":[{"embeddable":true,"href":"https:\/\/rdnews.al\/index.php\/wp-json\/wp\/v2\/comments?post=92901"}],"version-history":[{"count":4,"href":"https:\/\/rdnews.al\/index.php\/wp-json\/wp\/v2\/posts\/92901\/revisions"}],"predecessor-version":[{"id":92905,"href":"https:\/\/rdnews.al\/index.php\/wp-json\/wp\/v2\/posts\/92901\/revisions\/92905"}],"wp:featuredmedia":[{"embeddable":true,"href":"https:\/\/rdnews.al\/index.php\/wp-json\/wp\/v2\/media\/82604"}],"wp:attachment":[{"href":"https:\/\/rdnews.al\/index.php\/wp-json\/wp\/v2\/media?parent=92901"}],"wp:term":[{"taxonomy":"category","embeddable":true,"href":"https:\/\/rdnews.al\/index.php\/wp-json\/wp\/v2\/categories?post=92901"},{"taxonomy":"post_tag","embeddable":true,"href":"https:\/\/rdnews.al\/index.php\/wp-json\/wp\/v2\/tags?post=92901"}],"curies":[{"name":"wp","href":"https:\/\/api.w.org\/{rel}","templated":true}]}}