{"id":92906,"date":"2024-10-26T18:27:03","date_gmt":"2024-10-26T18:27:03","guid":{"rendered":"https:\/\/rdnews.al\/?p=92906"},"modified":"2024-10-26T18:27:03","modified_gmt":"2024-10-26T18:27:03","slug":"berisha-flamuri-i-fitores-valevitet-krenar-ne-proteste-kunder-pashiqit-te-tiranes-ne-new-york","status":"publish","type":"post","link":"https:\/\/rdnews.al\/index.php\/2024\/10\/26\/berisha-flamuri-i-fitores-valevitet-krenar-ne-proteste-kunder-pashiqit-te-tiranes-ne-new-york\/","title":{"rendered":"Berisha: Flamuri i Fitores val\u00ebvitet krenar n\u00eb protest\u00eb kund\u00ebr Pashiqit t\u00eb Tiran\u00ebs n\u00eb New York"},"content":{"rendered":"<div id=\"rekl-49\">Kryetari i Partis\u00eb Demokratike, Sali Berisha ka publikuar nj\u00eb foto nga protesta e sotme e shqiptar\u00ebve t\u00eb Amerik\u00ebs, kund\u00ebr kryeministrit Edi Rama gjat\u00eb takimit t\u00eb tij me patronazhist\u00ebt n\u00eb Nju Jork.<\/div>\n<div class=\"readmore-text-here\">\n<p>N\u00eb foto dallohet nj\u00eb simpatizanti i Partis\u00eb Demokratike, i cili val\u00ebvit flamurin demokrat n\u00eb krye t\u00eb protest\u00ebs masive t\u00eb diaspor\u00ebs shqiptare kund\u00ebr narkodiktatorit Edi Rama.<\/p>\n<p>&#8220;Foto e jav\u00ebs! Flamuri i Fitores val\u00ebvitet krenar n\u00eb protest\u00eb kund\u00ebr Pashiqit t\u00eb Tiran\u00ebs n\u00eb New York!&#8221;, shkruan Berisha n\u00eb Facebook.<\/p>\n<div id=\"rekl-13\">\n<div id=\"__sap-ad-15\" class=\"__sap-ads __sap-html inline tracked\" data-title=\"Credins desktop Brenda lajmit 08\"><ins><\/p>\n<div id=\"beacon_53e9652dd9\"><img loading=\"lazy\" decoding=\"async\" src=\"https:\/\/ads1.medium.al\/www\/delivery\/lg.php?bannerid=0&amp;campaignid=0&amp;zoneid=232&amp;loc=https%3A%2F%2Fwww.syri.net%2Fpolitike%2F734462%2Ffoto-e-javes-berisha-flamuri-i-fitores-valevitet-krenar-ne-proteste-kunder-pashiqit-te-tiranes-ne-new-york%2F&amp;referer=https%3A%2F%2Fwww.syri.net%2Flajme%2F&amp;cb=53e9652dd9\" alt=\"\" width=\"0\" height=\"0\" \/><a href=\"https:\/\/www.syri.net\/fotogaleria\/734462\/foto-e-javes-berisha-flamuri-i-fitores-valevitet-krenar-ne-proteste-kunder-pashiqit-te-tiranes-ne-new-york\/\" target=\"_blank\" rel=\"noopener\"><img decoding=\"async\" src=\"https:\/\/www.syri.net\/uploads\/syri.net\/images\/2024\/October\/26\/auto_464591736_1239953114152455_7386705312454315313_n1729964676.jpg\" \/><\/a><\/div>\n<p><\/ins><\/div>\n<\/div>\n<div class=\"fotogaleri\">\n<div class=\"bx-wrapper\">\n<div class=\"bx-controls bx-has-pager bx-has-controls-direction\">\n<div class=\"bx-pager bx-default-pager\"><\/div>\n<\/div>\n<\/div>\n<\/div>\n<p>&nbsp;<\/p>\n<\/div>\n","protected":false},"excerpt":{"rendered":"<p>Kryetari i Partis\u00eb Demokratike, Sali Berisha ka publikuar nj\u00eb foto nga protesta e sotme e shqiptar\u00ebve t\u00eb Amerik\u00ebs, kund\u00ebr kryeministrit Edi Rama gjat\u00eb takimit t\u00eb tij me patronazhist\u00ebt n\u00eb Nju Jork. N\u00eb foto dallohet nj\u00eb simpatizanti i Partis\u00eb Demokratike, i cili val\u00ebvit flamurin demokrat n\u00eb krye t\u00eb protest\u00ebs masive t\u00eb diaspor\u00ebs shqiptare kund\u00ebr narkodiktatorit Edi &hellip;<\/p>\n","protected":false},"author":4,"featured_media":92907,"comment_status":"closed","ping_status":"closed","sticky":false,"template":"","format":"standard","meta":{"footnotes":""},"categories":[37],"tags":[],"class_list":["post-92906","post","type-post","status-publish","format-standard","has-post-thumbnail","","category-politike"],"_links":{"self":[{"href":"https:\/\/rdnews.al\/index.php\/wp-json\/wp\/v2\/posts\/92906","targetHints":{"allow":["GET"]}}],"collection":[{"href":"https:\/\/rdnews.al\/index.php\/wp-json\/wp\/v2\/posts"}],"about":[{"href":"https:\/\/rdnews.al\/index.php\/wp-json\/wp\/v2\/types\/post"}],"author":[{"embeddable":true,"href":"https:\/\/rdnews.al\/index.php\/wp-json\/wp\/v2\/users\/4"}],"replies":[{"embeddable":true,"href":"https:\/\/rdnews.al\/index.php\/wp-json\/wp\/v2\/comments?post=92906"}],"version-history":[{"count":1,"href":"https:\/\/rdnews.al\/index.php\/wp-json\/wp\/v2\/posts\/92906\/revisions"}],"predecessor-version":[{"id":92908,"href":"https:\/\/rdnews.al\/index.php\/wp-json\/wp\/v2\/posts\/92906\/revisions\/92908"}],"wp:featuredmedia":[{"embeddable":true,"href":"https:\/\/rdnews.al\/index.php\/wp-json\/wp\/v2\/media\/92907"}],"wp:attachment":[{"href":"https:\/\/rdnews.al\/index.php\/wp-json\/wp\/v2\/media?parent=92906"}],"wp:term":[{"taxonomy":"category","embeddable":true,"href":"https:\/\/rdnews.al\/index.php\/wp-json\/wp\/v2\/categories?post=92906"},{"taxonomy":"post_tag","embeddable":true,"href":"https:\/\/rdnews.al\/index.php\/wp-json\/wp\/v2\/tags?post=92906"}],"curies":[{"name":"wp","href":"https:\/\/api.w.org\/{rel}","templated":true}]}}