{"id":92909,"date":"2024-10-26T18:35:28","date_gmt":"2024-10-26T18:35:28","guid":{"rendered":"https:\/\/rdnews.al\/?p=92909"},"modified":"2024-10-26T18:35:28","modified_gmt":"2024-10-26T18:35:28","slug":"xhaferri-diaspora-shpall-non-grata-evdin-mcgonigalin","status":"publish","type":"post","link":"https:\/\/rdnews.al\/index.php\/2024\/10\/26\/xhaferri-diaspora-shpall-non-grata-evdin-mcgonigalin\/","title":{"rendered":"Xhaferri: Diaspora shpall &#8220;Non Grata&#8221; Evdin McGonigalin!"},"content":{"rendered":"<div id=\"rekl-49\"><strong>Nga Besart XHAFERRI<\/strong><\/div>\n<div class=\"readmore-text-here\">\n<p>Me djem si Klodiani dhe shok\u00ebt\u00a0 e tij Shqip\u00ebria ka shpres\u00eb dhe p\u00ebr Edi Ram\u00ebn nuk ka m\u00eb qet\u00ebsi deri sa ai t\u00eb p\u00ebrgjigjet p\u00ebr \u00e7do krim dhe \u00e7do vjedhje q\u00eb u ka b\u00ebr\u00eb shqiptar\u00ebve.<\/p>\n<p>Me qindra shqiptar\u00eb t\u00eb ndersh\u00ebm n\u00ebn organizimin e aktivist\u00ebve patriot\u00eb u tubuan sot para hotelit ku Rama kishte mbledhur patronazhist\u00ebt q\u00eb thurrnin dolli p\u00ebr jet\u00ebgjat\u00ebsin\u00eb e tij n\u00eb pushtet.<\/p>\n<p>Nj\u00eb grup djemsh aktivist\u00eb e patriot hyn\u00eb n\u00eb sall\u00eb dhe i p\u00ebrplas\u00ebn t\u00eb v\u00ebrtetat n\u00eb fytyr\u00eb autokratit n\u00eb tentativ\u00eb q\u00eb si askush me aferat e tij korruptive me McGonigalin ka minuar raportet tona me Amerik\u00ebn.<\/p>\n<p>Edi Rama ta vijoj\u00eb turin e tij turistik duke par\u00eb ndeshjet e NBA dhe festat private t\u00eb Alex Soros se diaspora n\u00eb SHBA e ka shpallur Non grata.<\/p>\n<p><iframe loading=\"lazy\" src=\"https:\/\/www.facebook.com\/plugins\/post.php?href=https%3A%2F%2Fwww.facebook.com%2Fbesart.xhaferri%2Fposts%2Fpfbid0pNxVtbzmxpWdxBHKnjqZK8cecgtFAJJ62V1pb3c1KGCwAi68MoYfb2jDjPuE6vtol&amp;show_text=true&amp;width=500\" width=\"500\" height=\"250\" frameborder=\"0\" scrolling=\"no\" allowfullscreen=\"allowfullscreen\" data-mce-fragment=\"1\"><\/iframe><\/p>\n<\/div>\n<div id=\"rekl-45\"><\/div>\n<div id=\"rekl-33\"><\/div>\n","protected":false},"excerpt":{"rendered":"<p>Nga Besart XHAFERRI Me djem si Klodiani dhe shok\u00ebt\u00a0 e tij Shqip\u00ebria ka shpres\u00eb dhe p\u00ebr Edi Ram\u00ebn nuk ka m\u00eb qet\u00ebsi deri sa ai t\u00eb p\u00ebrgjigjet p\u00ebr \u00e7do krim dhe \u00e7do vjedhje q\u00eb u ka b\u00ebr\u00eb shqiptar\u00ebve. Me qindra shqiptar\u00eb t\u00eb ndersh\u00ebm n\u00ebn organizimin e aktivist\u00ebve patriot\u00eb u tubuan sot para hotelit ku Rama &hellip;<\/p>\n","protected":false},"author":4,"featured_media":92873,"comment_status":"closed","ping_status":"closed","sticky":false,"template":"","format":"standard","meta":{"footnotes":""},"categories":[37],"tags":[],"class_list":["post-92909","post","type-post","status-publish","format-standard","has-post-thumbnail","","category-politike"],"_links":{"self":[{"href":"https:\/\/rdnews.al\/index.php\/wp-json\/wp\/v2\/posts\/92909","targetHints":{"allow":["GET"]}}],"collection":[{"href":"https:\/\/rdnews.al\/index.php\/wp-json\/wp\/v2\/posts"}],"about":[{"href":"https:\/\/rdnews.al\/index.php\/wp-json\/wp\/v2\/types\/post"}],"author":[{"embeddable":true,"href":"https:\/\/rdnews.al\/index.php\/wp-json\/wp\/v2\/users\/4"}],"replies":[{"embeddable":true,"href":"https:\/\/rdnews.al\/index.php\/wp-json\/wp\/v2\/comments?post=92909"}],"version-history":[{"count":1,"href":"https:\/\/rdnews.al\/index.php\/wp-json\/wp\/v2\/posts\/92909\/revisions"}],"predecessor-version":[{"id":92910,"href":"https:\/\/rdnews.al\/index.php\/wp-json\/wp\/v2\/posts\/92909\/revisions\/92910"}],"wp:featuredmedia":[{"embeddable":true,"href":"https:\/\/rdnews.al\/index.php\/wp-json\/wp\/v2\/media\/92873"}],"wp:attachment":[{"href":"https:\/\/rdnews.al\/index.php\/wp-json\/wp\/v2\/media?parent=92909"}],"wp:term":[{"taxonomy":"category","embeddable":true,"href":"https:\/\/rdnews.al\/index.php\/wp-json\/wp\/v2\/categories?post=92909"},{"taxonomy":"post_tag","embeddable":true,"href":"https:\/\/rdnews.al\/index.php\/wp-json\/wp\/v2\/tags?post=92909"}],"curies":[{"name":"wp","href":"https:\/\/api.w.org\/{rel}","templated":true}]}}