{"id":92980,"date":"2024-10-28T09:54:03","date_gmt":"2024-10-28T09:54:03","guid":{"rendered":"https:\/\/rdnews.al\/?p=92980"},"modified":"2024-10-28T09:54:03","modified_gmt":"2024-10-28T09:54:03","slug":"teliti-shkarkimi-12-drejtoreve-nga-veliaj-skeme-per-te-mbuluar-gjurmet-e-vjedhjeve","status":"publish","type":"post","link":"https:\/\/rdnews.al\/index.php\/2024\/10\/28\/teliti-shkarkimi-12-drejtoreve-nga-veliaj-skeme-per-te-mbuluar-gjurmet-e-vjedhjeve\/","title":{"rendered":"Teliti: Shkarkimi 12 drejtor\u00ebve nga Veliaj, skem\u00eb p\u00ebr t\u00eb mbuluar gjurm\u00ebt e vjedhjeve"},"content":{"rendered":"<p>N\u00ebnkryetari i K\u00ebshillit Bashkiak t\u00eb Tiran\u00ebs, Dorian Teliti, ka komentuar zhvillimet e fundit n\u00eb bashki, duke p\u00ebrfshir\u00eb shkarkimin e 12 drejtor\u00ebve t\u00eb r\u00ebnd\u00ebsish\u00ebm.<\/p>\n<p>Teliti e cil\u00ebsoi k\u00ebt\u00eb veprim si nj\u00eb p\u00ebrgatitje p\u00ebr hetime t\u00eb mundshme nga SPAK, duke e par\u00eb si nj\u00eb strategji p\u00ebr t\u2019i larguar drejtor\u00ebt nga p\u00ebrgjegj\u00ebsia dhe p\u00ebr t\u00eb mbuluar gjurm\u00ebt e abuzimeve.<\/p>\n<p>Sipas Telitit, Partia Socialiste, p\u00ebrfshir\u00eb kryeministrin Rama dhe kryetarin e bashkis\u00eb, p\u00ebrdorin k\u00ebt\u00eb manov\u00ebr p\u00ebr t\u00eb pretenduar se po luftojn\u00eb korrupsionin, ndon\u00ebse ky fenomen \u00ebsht\u00eb b\u00ebr\u00eb nj\u00eb sistem i organizuar.<\/p>\n<p>\u201cSigurisht q\u00eb t\u00eb 12 drejtor\u00ebt e shkarkuar jan\u00eb t\u00eb gjith\u00eb \u201cbisht p\u00ebr top\u201d, por nj\u00eb pjes\u00eb prej tyre po paketohet, po b\u00ebhet gati.<\/p>\n<p>L\u00ebvizja e drejtor\u00ebve t\u00eb r\u00ebnd\u00ebsish\u00ebm, si drejtori i Policis\u00eb Bashkiake, uj\u00ebsjell\u00ebs-kanalizimeve, e t\u00eb tjer\u00eb, \u00ebsht\u00eb thjesht nj\u00eb p\u00ebrgatitje. Po i b\u00ebjn\u00eb gati p\u00ebr SPAK, p\u00ebr prokurori.<\/p>\n<p>Ne e dim\u00eb tez\u00ebn e Partis\u00eb Socialiste, t\u00eb kryeministrit Rama dhe t\u00eb kryetarit t\u00eb bashkis\u00eb, i cili thot\u00eb: \u201cUn\u00eb po e luftoj vet\u00eb korrupsionin.\u201d Zot\u00ebri, ti e ke toleruar korrupsionin, ti e ke b\u00ebr\u00eb korrupsionin sistem.<\/p>\n<p>Ne kemi 31 jav\u00eb q\u00eb protestojm\u00eb para bashkis\u00eb s\u00eb Tiran\u00ebs me prova dhe me fakte.<\/p>\n<p>Dhe \u00e7do jav\u00eb ne themi me argumente, themi q\u00eb filan em\u00ebr, filan drejtor, ka b\u00ebr\u00eb k\u00ebt\u00eb afer\u00eb korruptive, ka marr\u00eb k\u00ebto para k\u00ebtu. Nuk \u00ebsht\u00eb vet\u00ebm 5D-ja, \u00ebsht\u00eb 5D-ja, 7S-ja; tashm\u00eb po na del 12D-ja, se k\u00ebshtu mundohen t\u2019i kamuflojn\u00eb, e k\u00ebshtu me radh\u00eb.<\/p>\n<p>Ky \u00ebsht\u00eb thjesht nj\u00eb p\u00ebrgatitje, q\u00eb kur t\u00eb ndodhin nga ana e prokuroris\u00eb procesverbalet p\u00ebr arrestimet dhe thirrjet p\u00ebrkat\u00ebse, ai t\u00eb thot\u00eb: \u201cNuk jan\u00eb m\u00eb staf i imi k\u00ebta, un\u00eb i kam larguar, madje un\u00eb jam ai q\u00eb i kam shkarkuar k\u00ebta.\u201d<\/p>\n<p>Rama \u00ebsht\u00eb ai q\u00eb thot\u00eb: \u201cJepni nj\u00eb dor\u00ebheqje p\u00ebrpara\u201d. Veliaj b\u00ebn skem\u00ebn tjet\u00ebr, gjoja p\u00ebr t\u00eb treguar q\u00eb edhe ai \u00ebsht\u00eb i fort\u00eb si Rama.<\/p>\n<p>K\u00ebta kan\u00eb qen\u00eb dhe do t\u00eb vazhdojn\u00eb t\u00eb jen\u00eb stafi i tij elektoral; ndon\u00ebse po largohen sot, aktivitetin e tyre politik ata do ta vazhdojn\u00eb. Parat\u00eb, milionat \u2013 po flasim p\u00ebr miliona euro \u2013 jan\u00eb ata q\u00eb i kan\u00eb marr\u00eb, i kan\u00eb tjet\u00ebrsuar, i kan\u00eb gllab\u00ebruar, i kan\u00eb futur n\u00eb xhepat e tyre. Por ama nuk do t\u2019i g\u00ebzojn\u00eb t\u00eb gjitha, sepse ca do t\u2019i marr\u00eb prap\u00eb fushata dhe ca t\u00eb tjera do t\u2019i marr\u00eb stresi q\u00eb kan\u00eb p\u00ebr t\u00eb kaluar n\u00eb organet e prokuroris\u00eb e k\u00ebshtu me radh\u00eb. Pra, paketim p\u00ebrpara SPAK\u201d, tha Teliti n\u00eb \u201cKafe Shqeto\u201d n\u00eb Syri TV.<\/p>\n","protected":false},"excerpt":{"rendered":"<p>N\u00ebnkryetari i K\u00ebshillit Bashkiak t\u00eb Tiran\u00ebs, Dorian Teliti, ka komentuar zhvillimet e fundit n\u00eb bashki, duke p\u00ebrfshir\u00eb shkarkimin e 12 drejtor\u00ebve t\u00eb r\u00ebnd\u00ebsish\u00ebm. Teliti e cil\u00ebsoi k\u00ebt\u00eb veprim si nj\u00eb p\u00ebrgatitje p\u00ebr hetime t\u00eb mundshme nga SPAK, duke e par\u00eb si nj\u00eb strategji p\u00ebr t\u2019i larguar drejtor\u00ebt nga p\u00ebrgjegj\u00ebsia dhe p\u00ebr t\u00eb mbuluar gjurm\u00ebt e &hellip;<\/p>\n","protected":false},"author":4,"featured_media":83127,"comment_status":"closed","ping_status":"closed","sticky":false,"template":"","format":"standard","meta":{"footnotes":""},"categories":[37],"tags":[],"class_list":["post-92980","post","type-post","status-publish","format-standard","has-post-thumbnail","","category-politike"],"_links":{"self":[{"href":"https:\/\/rdnews.al\/index.php\/wp-json\/wp\/v2\/posts\/92980","targetHints":{"allow":["GET"]}}],"collection":[{"href":"https:\/\/rdnews.al\/index.php\/wp-json\/wp\/v2\/posts"}],"about":[{"href":"https:\/\/rdnews.al\/index.php\/wp-json\/wp\/v2\/types\/post"}],"author":[{"embeddable":true,"href":"https:\/\/rdnews.al\/index.php\/wp-json\/wp\/v2\/users\/4"}],"replies":[{"embeddable":true,"href":"https:\/\/rdnews.al\/index.php\/wp-json\/wp\/v2\/comments?post=92980"}],"version-history":[{"count":1,"href":"https:\/\/rdnews.al\/index.php\/wp-json\/wp\/v2\/posts\/92980\/revisions"}],"predecessor-version":[{"id":92981,"href":"https:\/\/rdnews.al\/index.php\/wp-json\/wp\/v2\/posts\/92980\/revisions\/92981"}],"wp:featuredmedia":[{"embeddable":true,"href":"https:\/\/rdnews.al\/index.php\/wp-json\/wp\/v2\/media\/83127"}],"wp:attachment":[{"href":"https:\/\/rdnews.al\/index.php\/wp-json\/wp\/v2\/media?parent=92980"}],"wp:term":[{"taxonomy":"category","embeddable":true,"href":"https:\/\/rdnews.al\/index.php\/wp-json\/wp\/v2\/categories?post=92980"},{"taxonomy":"post_tag","embeddable":true,"href":"https:\/\/rdnews.al\/index.php\/wp-json\/wp\/v2\/tags?post=92980"}],"curies":[{"name":"wp","href":"https:\/\/api.w.org\/{rel}","templated":true}]}}