{"id":93015,"date":"2024-10-28T12:49:37","date_gmt":"2024-10-28T12:49:37","guid":{"rendered":"https:\/\/rdnews.al\/?p=93015"},"modified":"2024-10-28T12:49:37","modified_gmt":"2024-10-28T12:49:37","slug":"berisha-ilir-meta-eshte-i-burgosur-politik-edi-rama-urdheroi-pusine-ndaj-tij","status":"publish","type":"post","link":"https:\/\/rdnews.al\/index.php\/2024\/10\/28\/berisha-ilir-meta-eshte-i-burgosur-politik-edi-rama-urdheroi-pusine-ndaj-tij\/","title":{"rendered":"Berisha: Ilir Meta \u00ebsht\u00eb i burgosur politik! Edi Rama urdh\u00ebroi pusin\u00eb ndaj tij!"},"content":{"rendered":"<p>I pyetur nga gazetar\u00ebt, n\u00ebse do ti kthej\u00eb nderin Ilir Met\u00ebs, q\u00eb t\u00eb jap\u00eb vende t\u00eb sigurta t\u00eb kandidat\u00ebve t\u00eb PL-s\u00eb, n\u00eb listat e zgjedh\u00ebsve t\u00eb vitit 2025, kryetari i PD-s\u00eb, Sali Berisha u shpreh se, Meta \u00ebsht\u00eb nj\u00eb i burgosur politik.<\/p>\n<p>Berisha tha se, Edi Rama urdh\u00ebroi pusin\u00eb ndaj tij dhe \u00e7oi bastardin e familjes Hoxha p\u00ebr t\u00eb qen\u00eb i sigurt.<\/p>\n<p>PD q\u00ebndron e hapur ndaj aleat\u00ebve t\u00eb vet.<\/p>\n<p>Partia e Liris\u00eb \u00ebsht\u00eb nj\u00eb parti aleate.<\/p>\n<p>Ilir Meta \u00ebsht\u00eb nj\u00eb i burgosur politik.<\/p>\n<p>Si\u00e7 e dini ju, Edi Rama urdh\u00ebroi pusin\u00eb ndaj tij, \u00e7oi bastardin e familjes Hoxha p\u00ebr t\u00eb qen\u00eb i sigurt.<\/p>\n<p>P\u00ebr her\u00eb t\u00eb par\u00eb n\u00eb histori, rendi ka dy polic\u00eb n\u00eb krye.<\/p>\n<p>Proda \u00ebsht\u00eb nj\u00eb eksponent i krimit, mbiem\u00ebr t\u00eb dyt\u00eb meriton Shullazi me t\u00eb dh\u00ebna t\u00eb implikimit t\u00eb thell\u00eb.<\/p>\n<p>Dhe nuk mjaftoi ky, po u mor nj\u00eb nga specialist\u00ebt m\u00eb t\u00eb m\u00ebdhenj t\u00eb gjob\u00ebv\u00ebnies n\u00eb rrug\u00eb, ish-famoz p\u00ebr polic\u00ebt rrugor\u00eb q\u00eb gjobiste, u b\u00eb minist\u00ebr.<\/p>\n<p>A e kuptoni ju se \u00e7far\u00eb degradimi t\u00eb tmerrsh\u00ebm, prandaj dhe Shqip\u00ebria n\u00eb funksionimin e administrat\u00ebs renditet n\u00eb 14 vendet me administrat\u00eb m\u00eb t\u00eb pap\u00ebrshtatshme n\u00eb planet.<\/p>\n<p>World Justice Project i ka b\u00ebr\u00eb autopsin\u00eb narkoregjimit t\u00eb Edi Ram\u00ebs\u201d, tha Berisha.<\/p>\n","protected":false},"excerpt":{"rendered":"<p>I pyetur nga gazetar\u00ebt, n\u00ebse do ti kthej\u00eb nderin Ilir Met\u00ebs, q\u00eb t\u00eb jap\u00eb vende t\u00eb sigurta t\u00eb kandidat\u00ebve t\u00eb PL-s\u00eb, n\u00eb listat e zgjedh\u00ebsve t\u00eb vitit 2025, kryetari i PD-s\u00eb, Sali Berisha u shpreh se, Meta \u00ebsht\u00eb nj\u00eb i burgosur politik. Berisha tha se, Edi Rama urdh\u00ebroi pusin\u00eb ndaj tij dhe \u00e7oi bastardin e &hellip;<\/p>\n","protected":false},"author":4,"featured_media":93009,"comment_status":"closed","ping_status":"closed","sticky":false,"template":"","format":"standard","meta":{"footnotes":""},"categories":[37],"tags":[],"class_list":["post-93015","post","type-post","status-publish","format-standard","has-post-thumbnail","","category-politike"],"_links":{"self":[{"href":"https:\/\/rdnews.al\/index.php\/wp-json\/wp\/v2\/posts\/93015","targetHints":{"allow":["GET"]}}],"collection":[{"href":"https:\/\/rdnews.al\/index.php\/wp-json\/wp\/v2\/posts"}],"about":[{"href":"https:\/\/rdnews.al\/index.php\/wp-json\/wp\/v2\/types\/post"}],"author":[{"embeddable":true,"href":"https:\/\/rdnews.al\/index.php\/wp-json\/wp\/v2\/users\/4"}],"replies":[{"embeddable":true,"href":"https:\/\/rdnews.al\/index.php\/wp-json\/wp\/v2\/comments?post=93015"}],"version-history":[{"count":1,"href":"https:\/\/rdnews.al\/index.php\/wp-json\/wp\/v2\/posts\/93015\/revisions"}],"predecessor-version":[{"id":93016,"href":"https:\/\/rdnews.al\/index.php\/wp-json\/wp\/v2\/posts\/93015\/revisions\/93016"}],"wp:featuredmedia":[{"embeddable":true,"href":"https:\/\/rdnews.al\/index.php\/wp-json\/wp\/v2\/media\/93009"}],"wp:attachment":[{"href":"https:\/\/rdnews.al\/index.php\/wp-json\/wp\/v2\/media?parent=93015"}],"wp:term":[{"taxonomy":"category","embeddable":true,"href":"https:\/\/rdnews.al\/index.php\/wp-json\/wp\/v2\/categories?post=93015"},{"taxonomy":"post_tag","embeddable":true,"href":"https:\/\/rdnews.al\/index.php\/wp-json\/wp\/v2\/tags?post=93015"}],"curies":[{"name":"wp","href":"https:\/\/api.w.org\/{rel}","templated":true}]}}