{"id":93057,"date":"2024-10-28T17:29:12","date_gmt":"2024-10-28T17:29:12","guid":{"rendered":"https:\/\/rdnews.al\/?p=93057"},"modified":"2024-10-28T17:29:47","modified_gmt":"2024-10-28T17:29:47","slug":"ambasadore-dhe-diplomate-ne-takimet-e-rames-bardhi-leter-presidentit-nderhy-per-mos-cenimin-e-rende","status":"publish","type":"post","link":"https:\/\/rdnews.al\/index.php\/2024\/10\/28\/ambasadore-dhe-diplomate-ne-takimet-e-rames-bardhi-leter-presidentit-nderhy-per-mos-cenimin-e-rende\/","title":{"rendered":"Ambasador\u00eb dhe diplomat\u00eb n\u00eb takimet e Ram\u00ebs\/ Bardhi let\u00ebr Presidentit: Nd\u00ebrhy p\u00ebr mos c\u00ebnimin e r\u00ebnd\u00eb&#8230;"},"content":{"rendered":"<div id=\"rekl-49\">Gazment Bardhi, kreu i grupit parlamentar t\u00eb PD-s\u00eb, i ka d\u00ebrguar nj\u00eb let\u00ebr presidentit t\u00eb Republik\u00ebs, Bajram Begaj, ku i k\u00ebrkon t\u00eb mos hesht\u00eb, por t\u00eb t\u00eb nd\u00ebrhyj p\u00ebr t\u00eb mos lejuar c\u00ebnimim e r\u00ebnd\u00eb t\u00eb barazis\u00eb s\u00eb pal\u00ebve n\u00eb zgjedhje dhe parimeve themelore q\u00eb garantojn\u00eb zgjedhjet e lira dhe t\u00eb ndershme<\/div>\n<div class=\"readmore-text-here\">\n<p>Bardhi shkruan se\u00a0\u00a0mungesa e reagimit t\u00eb Presidentit t\u00eb Republik\u00ebs p\u00ebr veprimin kriminal t\u00eb mazhoran\u00ebs qeveris\u00ebse dhe Trupit Diplomatik, perceptohet si mesazh i qart\u00eb q\u00eb Presidenti e mb\u00ebshtet k\u00ebt\u00eb aktivitet t\u00eb paligjsh\u00ebm, dhe mbi t\u00eb gjitha mb\u00ebshtet shkrirjen n\u00eb nj\u00eb t\u00eb shtetit dhe partis\u00eb n\u00eb zgjedhje,<\/p>\n<p>Sot i jam drejtuar zyrtarisht Presidentit t\u00eb Republik\u00ebs q\u00eb t\u00eb nd\u00ebrhyj\u00eb p\u00ebr t\u00eb mos lejuar c\u00ebnimim e r\u00ebnd\u00eb t\u00eb barazis\u00eb s\u00eb pal\u00ebve n\u00eb zgjedhje dhe parimeve themelore q\u00eb garantojn\u00eb zgjedhjet e lira dhe t\u00eb ndershme. Presidenti nuk duhet t\u00eb hesht, por duhet t\u00eb ngrihet n\u00eb lart\u00ebsin\u00eb e detyr\u00ebs si Kreu i Shtetit.<\/p>\n<p>Heshtja dhe mungesa e reagimit t\u00eb Presidentit t\u00eb Republik\u00ebs p\u00ebr veprimin kriminal t\u00eb mazhoran\u00ebs qeveris\u00ebse dhe Trupit Diplomatik, perceptohet si mesazh i qart\u00eb q\u00eb Presidenti e mb\u00ebshtet k\u00ebt\u00eb aktivitet t\u00eb paligjsh\u00ebm, dhe mbi t\u00eb gjitha mb\u00ebshtet shkrirjen n\u00eb nj\u00eb t\u00eb shtetit dhe partis\u00eb n\u00eb zgjedhje.<\/p>\n<p>Po sot kam depozituar n\u00eb SPAK edhe k\u00ebrkes\u00ebn p\u00ebr hetimim dhe ndjekjen penale ndaj Edi Ram\u00ebs, Taulant Ball\u00ebs, Igli Hasanit, dhe Ambasador\u00ebve t\u00eb konstatuar, p\u00ebr kryerjen e vepr\u00ebs penale t\u00eb parashikuar n\u00eb nenin 328\/a t\u00eb Kodit Penal.<\/p>\n<div class=\"twitter-tweet twitter-tweet-rendered\"><iframe id=\"twitter-widget-0\" class=\"\" title=\"X Post\" src=\"https:\/\/platform.twitter.com\/embed\/Tweet.html?dnt=false&amp;embedId=twitter-widget-0&amp;features=eyJ0ZndfdGltZWxpbmVfbGlzdCI6eyJidWNrZXQiOltdLCJ2ZXJzaW9uIjpudWxsfSwidGZ3X2ZvbGxvd2VyX2NvdW50X3N1bnNldCI6eyJidWNrZXQiOnRydWUsInZlcnNpb24iOm51bGx9LCJ0ZndfdHdlZXRfZWRpdF9iYWNrZW5kIjp7ImJ1Y2tldCI6Im9uIiwidmVyc2lvbiI6bnVsbH0sInRmd19yZWZzcmNfc2Vzc2lvbiI6eyJidWNrZXQiOiJvbiIsInZlcnNpb24iOm51bGx9LCJ0ZndfZm9zbnJfc29mdF9pbnRlcnZlbnRpb25zX2VuYWJsZWQiOnsiYnVja2V0Ijoib24iLCJ2ZXJzaW9uIjpudWxsfSwidGZ3X21peGVkX21lZGlhXzE1ODk3Ijp7ImJ1Y2tldCI6InRyZWF0bWVudCIsInZlcnNpb24iOm51bGx9LCJ0ZndfZXhwZXJpbWVudHNfY29va2llX2V4cGlyYXRpb24iOnsiYnVja2V0IjoxMjA5NjAwLCJ2ZXJzaW9uIjpudWxsfSwidGZ3X3Nob3dfYmlyZHdhdGNoX3Bpdm90c19lbmFibGVkIjp7ImJ1Y2tldCI6Im9uIiwidmVyc2lvbiI6bnVsbH0sInRmd19kdXBsaWNhdGVfc2NyaWJlc190b19zZXR0aW5ncyI6eyJidWNrZXQiOiJvbiIsInZlcnNpb24iOm51bGx9LCJ0ZndfdXNlX3Byb2ZpbGVfaW1hZ2Vfc2hhcGVfZW5hYmxlZCI6eyJidWNrZXQiOiJvbiIsInZlcnNpb24iOm51bGx9LCJ0ZndfdmlkZW9faGxzX2R5bmFtaWNfbWFuaWZlc3RzXzE1MDgyIjp7ImJ1Y2tldCI6InRydWVfYml0cmF0ZSIsInZlcnNpb24iOm51bGx9LCJ0ZndfbGVnYWN5X3RpbWVsaW5lX3N1bnNldCI6eyJidWNrZXQiOnRydWUsInZlcnNpb24iOm51bGx9LCJ0ZndfdHdlZXRfZWRpdF9mcm9udGVuZCI6eyJidWNrZXQiOiJvbiIsInZlcnNpb24iOm51bGx9fQ%3D%3D&amp;frame=false&amp;hideCard=false&amp;hideThread=false&amp;id=1850946292933108190&amp;lang=en&amp;maxWidth=560px&amp;origin=https%3A%2F%2Fwww.syri.net%2Fpolitike%2F734887%2Fkreu-i-gp-te-pd-leter-begajt-nderhy-per-mos-cenimin-e-rende-te-hellip%2F&amp;sessionId=2cdac170c03a29424b4a1fb1c0f3f2d7a4540bc9&amp;theme=light&amp;widgetsVersion=2615f7e52b7e0%3A1702314776716&amp;width=550px\" frameborder=\"0\" scrolling=\"no\" allowfullscreen=\"allowfullscreen\" data-tweet-id=\"1850946292933108190\" data-mce-fragment=\"1\"><\/iframe><\/div>\n<\/div>\n","protected":false},"excerpt":{"rendered":"<p>Gazment Bardhi, kreu i grupit parlamentar t\u00eb PD-s\u00eb, i ka d\u00ebrguar nj\u00eb let\u00ebr presidentit t\u00eb Republik\u00ebs, Bajram Begaj, ku i k\u00ebrkon t\u00eb mos hesht\u00eb, por t\u00eb t\u00eb nd\u00ebrhyj p\u00ebr t\u00eb mos lejuar c\u00ebnimim e r\u00ebnd\u00eb t\u00eb barazis\u00eb s\u00eb pal\u00ebve n\u00eb zgjedhje dhe parimeve themelore q\u00eb garantojn\u00eb zgjedhjet e lira dhe t\u00eb ndershme Bardhi shkruan se\u00a0\u00a0mungesa &hellip;<\/p>\n","protected":false},"author":4,"featured_media":66365,"comment_status":"closed","ping_status":"closed","sticky":false,"template":"","format":"standard","meta":{"footnotes":""},"categories":[37],"tags":[],"class_list":["post-93057","post","type-post","status-publish","format-standard","has-post-thumbnail","","category-politike"],"_links":{"self":[{"href":"https:\/\/rdnews.al\/index.php\/wp-json\/wp\/v2\/posts\/93057","targetHints":{"allow":["GET"]}}],"collection":[{"href":"https:\/\/rdnews.al\/index.php\/wp-json\/wp\/v2\/posts"}],"about":[{"href":"https:\/\/rdnews.al\/index.php\/wp-json\/wp\/v2\/types\/post"}],"author":[{"embeddable":true,"href":"https:\/\/rdnews.al\/index.php\/wp-json\/wp\/v2\/users\/4"}],"replies":[{"embeddable":true,"href":"https:\/\/rdnews.al\/index.php\/wp-json\/wp\/v2\/comments?post=93057"}],"version-history":[{"count":2,"href":"https:\/\/rdnews.al\/index.php\/wp-json\/wp\/v2\/posts\/93057\/revisions"}],"predecessor-version":[{"id":93059,"href":"https:\/\/rdnews.al\/index.php\/wp-json\/wp\/v2\/posts\/93057\/revisions\/93059"}],"wp:featuredmedia":[{"embeddable":true,"href":"https:\/\/rdnews.al\/index.php\/wp-json\/wp\/v2\/media\/66365"}],"wp:attachment":[{"href":"https:\/\/rdnews.al\/index.php\/wp-json\/wp\/v2\/media?parent=93057"}],"wp:term":[{"taxonomy":"category","embeddable":true,"href":"https:\/\/rdnews.al\/index.php\/wp-json\/wp\/v2\/categories?post=93057"},{"taxonomy":"post_tag","embeddable":true,"href":"https:\/\/rdnews.al\/index.php\/wp-json\/wp\/v2\/tags?post=93057"}],"curies":[{"name":"wp","href":"https:\/\/api.w.org\/{rel}","templated":true}]}}