{"id":93060,"date":"2024-10-28T17:35:05","date_gmt":"2024-10-28T17:35:05","guid":{"rendered":"https:\/\/rdnews.al\/?p=93060"},"modified":"2024-10-28T17:35:05","modified_gmt":"2024-10-28T17:35:05","slug":"nje-shpjegim-prej-historise-per-cilindo-qe-na-e-ka-zili-dear-edi-n","status":"publish","type":"post","link":"https:\/\/rdnews.al\/index.php\/2024\/10\/28\/nje-shpjegim-prej-historise-per-cilindo-qe-na-e-ka-zili-dear-edi-n\/","title":{"rendered":"Nj\u00eb shpjegim prej historis\u00eb p\u00ebr cilindo q\u00eb na e ka zili \u201cDear Edi-n\u201d!"},"content":{"rendered":"<div id=\"rekl-49\"><strong>Nga Gent STRAZIMIRI<\/strong><\/div>\n<div class=\"readmore-text-here\">\n<p>Kjo \u00ebsht\u00eb nj\u00eb p\u00ebrgjigje ezauruese q\u00eb jep historia, p\u00ebr t\u00eb gjith\u00eb ata q\u00eb pyesin Sali Berish\u00ebn se p\u00ebrse &#8220;ursulat&#8221;, &#8220;anthony-t&#8221; etj., mb\u00ebshtesin &#8220;Dear&#8221; Edin dhe SPAK-un e tij personal, kur gjith\u00e7ka \u00ebsht\u00eb evidente&#8230;<br \/>\n&#8212;&#8212;&#8212;&#8212;&#8212;&#8212;&#8212;&#8212;&#8212;&#8212;&#8212;&#8212;<br \/>\nGazeta &#8220;NY Times&#8221; m\u00eb 21 janar 1927, faqja 7:<\/p>\n<p>&#8220;&#8216;Zoti Churchill mbi Fashizmin&#8221;<\/p>\n<div id=\"rekl-13\"><\/div>\n<p>Zoti Churchill:<\/p>\n<p>&#8220;Asgj\u00eb s&#8217;m\u00eb ndihmoi t\u00eb mos magjepsem, ashtu si shum\u00eb njer\u00ebz t\u00eb tjer\u00eb, nga sjellja e but\u00eb dhe e thjesht\u00eb e Signor Mussolinit dhe nga q\u00ebndrimi i tij i qet\u00eb dhe i distancuar, pavar\u00ebsisht barr\u00ebs dhe rreziqeve aq t\u00eb shumta.<\/p>\n<p>S\u00eb dyti, kushdo mund t\u00eb kuptoj\u00eb se ai nuk mendonte p\u00ebr asgj\u00eb tjet\u00ebr ve\u00e7se, p\u00ebr popullin italian, dhe se asnj\u00eb interes tjet\u00ebr nuk kishte r\u00ebnd\u00ebsi p\u00ebr t\u00eb.<\/p>\n<p>Po t\u00eb kisha qen\u00eb italian, un\u00eb jam i sigurt se do t\u00eb duhej t\u00eb kisha qen\u00eb me gjith\u00eb zem\u00ebr me ju q\u00eb nga fillimi deri n\u00eb fund n\u00eb betej\u00ebn tuaj triumfuese &#8230;<\/p>\n<p>Un\u00eb, megjithat\u00eb, do t\u00eb them nj\u00eb fjal\u00eb p\u00ebr aspektin nd\u00ebrkomb\u00ebtar t\u00eb Fashizmit.<\/p>\n<p>Jasht\u00eb, l\u00ebvizja juaj (fashizmi) ka b\u00ebr\u00eb nj\u00eb sh\u00ebrbim p\u00ebr t\u00eb gjith\u00eb bot\u00ebn.<\/p>\n<p>Italia ka treguar se ka nj\u00eb m\u00ebnyr\u00eb p\u00ebr t\u00eb luftuar forcat subversive (anti-fashist\u00ebt), q\u00eb masa e njer\u00ebzve, e udh\u00ebhequr si\u00e7 duhet, t\u00eb vler\u00ebsoj\u00eb dhe d\u00ebshiroj\u00eb t\u00eb mbrojn\u00eb nderin dhe stabilitetin e shoq\u00ebris\u00eb s\u00eb civilizuar.<\/p>\n<p>Kjo nuk \u00ebsht\u00eb e pap\u00ebrputhshme me nj\u00eb p\u00ebrparim progresiv drejt drejt\u00ebsis\u00eb shoq\u00ebrore dhe p\u00ebrmir\u00ebsimit ekonomik.&#8221;<br \/>\n&#8212;&#8212;&#8212;&#8212;&#8212;&#8212;&#8212;&#8212;<br \/>\nDhe kini parasysh se b\u00ebhet fjal\u00eb p\u00ebr nj\u00eb kollos t\u00eb politik\u00ebs si Winston Churchill&#8230; jo p\u00ebr politikan\u00eb nj\u00ebp\u00ebrdorimsh si k\u00ebta t\u00eb sotmit&#8230;<\/p>\n<p>N\u00eb t\u00eb nj\u00ebjt\u00ebn intervist\u00eb, Churchill kujdeset ta mbaj\u00eb larg Britanis\u00eb k\u00ebt\u00eb eksperienc\u00eb, duke u shprehur se Mussolini dhe fashizmi \u00ebsht\u00eb nj\u00eb zgjidhje e duhur p\u00ebr italian\u00ebt, n\u00eb kushtet ku ndodhet Italia, kushte t\u00eb cilat nuk ekzistojn\u00eb n\u00eb Britani&#8230;<\/p>\n<p>Italian\u00ebt e d\u00ebgjuan dhe aprovuan me entuziaz\u00ebm, madje vepruan pik\u00eb p\u00ebr pik\u00eb si\u00e7 u tha ky, p\u00ebr ta paguar me jet\u00ebt e tyre vet\u00ebm pak vite m\u00eb von\u00eb, nga bombat q\u00eb po ky u l\u00ebshoi mbi krye pik\u00ebrisht se &#8220;ishin magjepsur nga Signor Mussolini&#8221;&#8230;<\/p>\n<p>KAQ!<\/p>\n<p>#me_sali_berish\u00ebn<br \/>\n#q\u00ebndro_n\u00eb_k\u00ebmb\u00eb_demokrat<br \/>\n#asnj\u00eb_hap_pas<\/p>\n<p><img decoding=\"async\" src=\"https:\/\/www.syri.net\/uploads\/syri.net\/images\/2024\/October\/28\/auto_464836583_8727495903974761_7301908966632380383_n1730121542.jpg\" alt=\"Image\" \/><\/p>\n<\/div>\n<div id=\"rekl-45\"><\/div>\n<div id=\"rekl-16\"><\/div>\n<div id=\"rekl-33\"><\/div>\n<p>\u00a9<\/p>\n","protected":false},"excerpt":{"rendered":"<p>Nga Gent STRAZIMIRI Kjo \u00ebsht\u00eb nj\u00eb p\u00ebrgjigje ezauruese q\u00eb jep historia, p\u00ebr t\u00eb gjith\u00eb ata q\u00eb pyesin Sali Berish\u00ebn se p\u00ebrse &#8220;ursulat&#8221;, &#8220;anthony-t&#8221; etj., mb\u00ebshtesin &#8220;Dear&#8221; Edin dhe SPAK-un e tij personal, kur gjith\u00e7ka \u00ebsht\u00eb evidente&#8230; &#8212;&#8212;&#8212;&#8212;&#8212;&#8212;&#8212;&#8212;&#8212;&#8212;&#8212;&#8212; Gazeta &#8220;NY Times&#8221; m\u00eb 21 janar 1927, faqja 7: &#8220;&#8216;Zoti Churchill mbi Fashizmin&#8221; Zoti Churchill: &#8220;Asgj\u00eb s&#8217;m\u00eb ndihmoi &hellip;<\/p>\n","protected":false},"author":4,"featured_media":70796,"comment_status":"closed","ping_status":"closed","sticky":false,"template":"","format":"standard","meta":{"footnotes":""},"categories":[44],"tags":[],"class_list":["post-93060","post","type-post","status-publish","format-standard","has-post-thumbnail","","category-editorial"],"_links":{"self":[{"href":"https:\/\/rdnews.al\/index.php\/wp-json\/wp\/v2\/posts\/93060","targetHints":{"allow":["GET"]}}],"collection":[{"href":"https:\/\/rdnews.al\/index.php\/wp-json\/wp\/v2\/posts"}],"about":[{"href":"https:\/\/rdnews.al\/index.php\/wp-json\/wp\/v2\/types\/post"}],"author":[{"embeddable":true,"href":"https:\/\/rdnews.al\/index.php\/wp-json\/wp\/v2\/users\/4"}],"replies":[{"embeddable":true,"href":"https:\/\/rdnews.al\/index.php\/wp-json\/wp\/v2\/comments?post=93060"}],"version-history":[{"count":1,"href":"https:\/\/rdnews.al\/index.php\/wp-json\/wp\/v2\/posts\/93060\/revisions"}],"predecessor-version":[{"id":93061,"href":"https:\/\/rdnews.al\/index.php\/wp-json\/wp\/v2\/posts\/93060\/revisions\/93061"}],"wp:featuredmedia":[{"embeddable":true,"href":"https:\/\/rdnews.al\/index.php\/wp-json\/wp\/v2\/media\/70796"}],"wp:attachment":[{"href":"https:\/\/rdnews.al\/index.php\/wp-json\/wp\/v2\/media?parent=93060"}],"wp:term":[{"taxonomy":"category","embeddable":true,"href":"https:\/\/rdnews.al\/index.php\/wp-json\/wp\/v2\/categories?post=93060"},{"taxonomy":"post_tag","embeddable":true,"href":"https:\/\/rdnews.al\/index.php\/wp-json\/wp\/v2\/tags?post=93060"}],"curies":[{"name":"wp","href":"https:\/\/api.w.org\/{rel}","templated":true}]}}