{"id":93062,"date":"2024-10-28T17:38:34","date_gmt":"2024-10-28T17:38:34","guid":{"rendered":"https:\/\/rdnews.al\/?p=93062"},"modified":"2024-10-28T17:38:34","modified_gmt":"2024-10-28T17:38:34","slug":"paloka-do-te-bllokohen-akset-ne-te-gjithe-shqiperine-jemi-ne-rresht-perballe-kesaj-diktature-te-re","status":"publish","type":"post","link":"https:\/\/rdnews.al\/index.php\/2024\/10\/28\/paloka-do-te-bllokohen-akset-ne-te-gjithe-shqiperine-jemi-ne-rresht-perballe-kesaj-diktature-te-re\/","title":{"rendered":"Paloka: Do t\u00eb bllokohen akset n\u00eb t\u00eb gjith\u00eb Shqip\u00ebrin\u00eb! Jemi n\u00eb rresht p\u00ebrball\u00eb k\u00ebsaj diktature t\u00eb re"},"content":{"rendered":"<p>Krytetari i K\u00ebshillit Komb\u00ebtar t\u00eb PD, Edi Paloka \u00ebsht\u00eb shprehur se protesta e 29 tetorit p\u00ebr bllokimin e akseve kryesore n\u00eb vend, vjen n\u00eb kuad\u00ebr t\u00eb aksionit opozitar t\u00eb mosbindjes civile.<\/p>\n<p>I ftuar n\u00eb Task Forc\u00eb me Sonila Me\u00e7on, Paloka tha se koh\u00ebzgjatja e saj do t\u00eb jet\u00eb 2-3 or\u00eb, nd\u00ebrsa ftoi qytetar\u00ebt t\u00eb jen\u00eb pjes\u00ebmarr\u00ebs, referuar edhe skandalit t\u00eb fundit me mbetjet toksike q\u00eb kan\u00eb mb\u00ebrritur n\u00eb Portin e Durr\u00ebsit.<\/p>\n<p>Sipas Palok\u00ebs, qytetar\u00ebt nuk duhet t\u2019i frik\u00ebsohen pjes\u00ebmarrjes n\u00eb protest\u00eb, pasi kjo luft\u00eb tashm\u00eb nuk \u00ebsht\u00eb m\u00eb e opozit\u00ebs por e t\u00eb gjith\u00eb shqiptar\u00ebve, n\u00eb m\u00ebnyr\u00eb q\u00eb vendi t\u00eb mos shkoj\u00eb n\u00eb diktatur\u00eb.<\/p>\n<p>Paloka theksoi se si opozita ashtu dhe qytetar\u00ebt jan\u00eb t\u00eb barabart\u00eb sot, n\u00eb nj\u00eb koh\u00eb kur pushteti po p\u00ebrdor drejt\u00ebsin\u00eb si arm\u00ebn e fundit p\u00ebr t\u00eb goditur opozit\u00ebn.<\/p>\n<p>\u201cDo t\u00eb bllokohen akset n\u00eb t\u00eb gjith\u00eb Shqip\u00ebrin\u00eb, do t\u00eb ket\u00eb nj\u00eb lloj proteste, pjes\u00eb e mosbindjes civile, do ket\u00eb koh\u00ebzgjatje minimalisht 2-3 or\u00eb. Qytetar\u00ebt t\u00eb b\u00ebhen pjes\u00eb e protest\u00ebs dhe jo t\u00eb shohin nga ekranet e Tv. Edhe dje n\u00eb Durr\u00ebs, e pat\u00eb me skandalin e fundit qeveritar me mbetjet, n\u00eb proteste ishte vet\u00ebm opozita dhe nj\u00eb pjes\u00eb e qytetar\u00ebve e vog\u00ebl, nd\u00ebrsa aty duhej t\u00eb ishte i gjith\u00eb Durr\u00ebsi dhe e gjith\u00eb Shqip\u00ebria. Mbetjet helmojn\u00eb t\u00eb gjith\u00eb shqiptar\u00ebt. Kjo s\u2019\u00ebsht\u00eb luft\u00eb e opozit\u00ebs, \u00ebsht\u00eb kund\u00ebr gjith\u00eb shqiptar\u00ebve kjo e keqe. N\u00ebse kan\u00eb frik\u00eb t\u2019i bashkohen opozit\u00ebs, t\u00eb pakt\u00ebn te reagojn\u00eb me format e tyre e jo t\u00eb struken n\u00eb kolltuqet e sht\u00ebpive t\u00eb tyre.<\/p>\n<p>Lideri i opozit\u00ebs, Berisha \u00ebsht\u00eb n\u00eb arrest, Salianji n\u00eb burg se denoncoi v\u00ebllain e deputet\u00ebt. Ish presidenti Meta u rr\u00ebmbye n\u00eb rrug\u00eb si terrorist nga banda n\u00eb pushtet. Nj\u00eb tjet\u00ebr lider opozite, kreu i PR \u00ebsht\u00eb n\u00ebn persekutimin e k\u00ebsaj drejt\u00ebsie.<\/p>\n<p>\u00cbsht\u00eb drejt\u00ebsi e demaskuar jo vet\u00ebm nga opozita e mediet nd\u00ebrkomb\u00ebtare, por dhe nga institucionet q\u00eb e merren me studimin e fenomeneve t\u00eb drejt\u00ebsis\u00eb. \u00c7far\u00eb presim nga kjo polici e drejt\u00ebsi. T\u00eb gjith\u00eb t\u00eb barabart\u00eb jemi sot. Jemi n\u00eb rresht p\u00ebrball\u00eb k\u00ebsaj diktature t\u00eb re q\u00eb po p\u00ebrdor drejt\u00ebsin\u00eb si arm\u00ebn e fundit p\u00ebrball\u00eb opozit\u00ebs. Jemi p\u00ebrball\u00eb diktatur\u00ebs nj\u00ebsoj. Rama e ka treguar q\u00eb s\u2019do t\u00eb dij\u00eb p\u00ebr asgj\u00eb. Ose e ndalim k\u00ebt\u00eb q\u00eb po ndodh, ose do shkojm\u00eb si dele, e aty p\u00ebrfundon\u201d, tha Paloka.<\/p>\n","protected":false},"excerpt":{"rendered":"<p>Krytetari i K\u00ebshillit Komb\u00ebtar t\u00eb PD, Edi Paloka \u00ebsht\u00eb shprehur se protesta e 29 tetorit p\u00ebr bllokimin e akseve kryesore n\u00eb vend, vjen n\u00eb kuad\u00ebr t\u00eb aksionit opozitar t\u00eb mosbindjes civile. I ftuar n\u00eb Task Forc\u00eb me Sonila Me\u00e7on, Paloka tha se koh\u00ebzgjatja e saj do t\u00eb jet\u00eb 2-3 or\u00eb, nd\u00ebrsa ftoi qytetar\u00ebt t\u00eb jen\u00eb &hellip;<\/p>\n","protected":false},"author":4,"featured_media":84399,"comment_status":"closed","ping_status":"closed","sticky":false,"template":"","format":"standard","meta":{"footnotes":""},"categories":[37],"tags":[],"class_list":["post-93062","post","type-post","status-publish","format-standard","has-post-thumbnail","","category-politike"],"_links":{"self":[{"href":"https:\/\/rdnews.al\/index.php\/wp-json\/wp\/v2\/posts\/93062","targetHints":{"allow":["GET"]}}],"collection":[{"href":"https:\/\/rdnews.al\/index.php\/wp-json\/wp\/v2\/posts"}],"about":[{"href":"https:\/\/rdnews.al\/index.php\/wp-json\/wp\/v2\/types\/post"}],"author":[{"embeddable":true,"href":"https:\/\/rdnews.al\/index.php\/wp-json\/wp\/v2\/users\/4"}],"replies":[{"embeddable":true,"href":"https:\/\/rdnews.al\/index.php\/wp-json\/wp\/v2\/comments?post=93062"}],"version-history":[{"count":1,"href":"https:\/\/rdnews.al\/index.php\/wp-json\/wp\/v2\/posts\/93062\/revisions"}],"predecessor-version":[{"id":93063,"href":"https:\/\/rdnews.al\/index.php\/wp-json\/wp\/v2\/posts\/93062\/revisions\/93063"}],"wp:featuredmedia":[{"embeddable":true,"href":"https:\/\/rdnews.al\/index.php\/wp-json\/wp\/v2\/media\/84399"}],"wp:attachment":[{"href":"https:\/\/rdnews.al\/index.php\/wp-json\/wp\/v2\/media?parent=93062"}],"wp:term":[{"taxonomy":"category","embeddable":true,"href":"https:\/\/rdnews.al\/index.php\/wp-json\/wp\/v2\/categories?post=93062"},{"taxonomy":"post_tag","embeddable":true,"href":"https:\/\/rdnews.al\/index.php\/wp-json\/wp\/v2\/tags?post=93062"}],"curies":[{"name":"wp","href":"https:\/\/api.w.org\/{rel}","templated":true}]}}